{"id":727,"date":"2013-11-22T21:00:40","date_gmt":"2013-11-22T21:00:40","guid":{"rendered":"http:\/\/nasedoba.me\/?p=727"},"modified":"2016-10-07T09:51:50","modified_gmt":"2016-10-07T09:51:50","slug":"mapiranje-usluga-socijalne-zastite-u-crnoj-gori-institut-alternativa","status":"publish","type":"post","link":"https:\/\/nasedoba.me\/?p=727","title":{"rendered":"Mapiranje usluga socijalne za\u0161tite u Crnoj Gori, Institut Alternativa"},"content":{"rendered":"<p>Jedan od osnovnih principa reforme sistema socijalne i dje\u010dje za\u0161tite jeste prevencija smje\u0161taja u ustanove, koja podrazumijeva razvoj usluga socijalne za\u0161tite s ciljem podr\u017eavanja \u017eivota u zajednici, odgovaraju\u0107i na taj na\u010din na potrebe stanovni\u0161tva. Od 2011. godine, reforma ove oblasti u Crnoj Gori usmjerena je na podsticanje vaninstitucionalnih oblika za\u0161tite i afirmaciju ve\u0107e uloge neodr\u017eavnih aktera u obezbje\u0111enju njihove dostupnosti.<\/p>\n<p>Op\u0161ti cilj projekta je unaprijediti razvoj i dostupnost mre\u017ee usluga socijalne za\u0161tite u lokalnim zajednicama kroz partnerstvo i saradnju svih relevantnih socijalnih aktera. Ciljevi projekta su: ustanoviti zastupljenost usluga socijalne za\u0161tite po jedinicama lokalne samouprave; ustanoviti strukturu usluga i pru\u017ealaca usluga po jedinicama lokalne samouprave; izraditi mapu (katalog) usluga socijalne za\u0161tite i pru\u017ealaca usluga po jedinicama lokalne samouprave; pove\u0107ati informisanost donosioca odluka, pru\u017ealaca usluga socijalne za\u0161tite i samih korisnika o vrstama i dostupnosti usluga socijalne za\u0161tite; setom preporuka usmjeriti budu\u0107e aktivnosti relevantnih aktera na nacionalnom i lokalnom nivou kako bi zajedni\u010dkim naporom unaprijedili razvoj i dostupnost usluga socijalne za\u0161tite.<\/p>\n<p>Op\u0161irnije na linku:<em><span style=\"color: #000080;\">\u00a0<a style=\"color: #000080;\" href=\"http:\/\/nasedoba.me\/wp-content\/uploads\/2016\/02\/8-Mapiranje-usluga.pdf\" rel=\"\">Mapiranje usluga socijalne za\u0161tite u Crnoj Gori<\/a><\/span><\/em><\/p>\n","protected":false},"excerpt":{"rendered":"<p>Jedan od osnovnih principa reforme sistema socijalne i dje\u010dje za\u0161tite jeste prevencija smje\u0161taja u ustanove, koja podrazumijeva razvoj usluga socijalne za\u0161tite s ciljem podr\u017eavanja \u017eivota u zajednici, odgovaraju\u0107i na taj na\u010din na potrebe stanovni\u0161tva. Od 2011. godine, reforma ove oblasti u Crnoj Gori usmjerena je na podsticanje vaninstitucionalnih oblika za\u0161tite i afirmaciju ve\u0107e uloge neodr\u017eavnih [&hellip;]<\/p>\n","protected":false},"author":11,"featured_media":0,"comment_status":"open","ping_status":"open","sticky":false,"template":"","format":"standard","meta":{"_et_pb_use_builder":"","_et_pb_old_content":"","_et_gb_content_width":"","_jetpack_memberships_contains_paid_content":false,"footnotes":""},"categories":[9,13],"tags":[],"class_list":["post-727","post","type-post","status-publish","format-standard","hentry","category-biblioteka","category-crna-gora","et-doesnt-have-format-content","et_post_format-et-post-format-standard"],"jetpack_featured_media_url":"","jetpack_sharing_enabled":true,"_links":{"self":[{"href":"https:\/\/nasedoba.me\/index.php?rest_route=\/wp\/v2\/posts\/727","targetHints":{"allow":["GET"]}}],"collection":[{"href":"https:\/\/nasedoba.me\/index.php?rest_route=\/wp\/v2\/posts"}],"about":[{"href":"https:\/\/nasedoba.me\/index.php?rest_route=\/wp\/v2\/types\/post"}],"author":[{"embeddable":true,"href":"https:\/\/nasedoba.me\/index.php?rest_route=\/wp\/v2\/users\/11"}],"replies":[{"embeddable":true,"href":"https:\/\/nasedoba.me\/index.php?rest_route=%2Fwp%2Fv2%2Fcomments&post=727"}],"version-history":[{"count":3,"href":"https:\/\/nasedoba.me\/index.php?rest_route=\/wp\/v2\/posts\/727\/revisions"}],"predecessor-version":[{"id":789,"href":"https:\/\/nasedoba.me\/index.php?rest_route=\/wp\/v2\/posts\/727\/revisions\/789"}],"wp:attachment":[{"href":"https:\/\/nasedoba.me\/index.php?rest_route=%2Fwp%2Fv2%2Fmedia&parent=727"}],"wp:term":[{"taxonomy":"category","embeddable":true,"href":"https:\/\/nasedoba.me\/index.php?rest_route=%2Fwp%2Fv2%2Fcategories&post=727"},{"taxonomy":"post_tag","embeddable":true,"href":"https:\/\/nasedoba.me\/index.php?rest_route=%2Fwp%2Fv2%2Ftags&post=727"}],"curies":[{"name":"wp","href":"https:\/\/api.w.org\/{rel}","templated":true}]}}