{"id":698,"date":"2013-06-22T18:27:31","date_gmt":"2013-06-22T18:27:31","guid":{"rendered":"http:\/\/nasedoba.me\/?p=698"},"modified":"2016-10-07T09:38:17","modified_gmt":"2016-10-07T09:38:17","slug":"strategija-razvoja-sistema-socijalne-zastite-starih-lica-2013-2017","status":"publish","type":"post","link":"https:\/\/nasedoba.me\/?p=698","title":{"rendered":"Strategija razvoja sistema socijalne za\u0161tite starih lica 2013-2017."},"content":{"rendered":"<p>Strategija razvoja sistema socijalne za\u0161tite starih lica za period 2013-2017. godine, nastao je u transparentnom procesu rada Radne grupe za izradu strategije koju je formiralo Ministarstvo rada i socijalnog staranja, a usvojen je nakon javne rasprave.<\/p>\n<p>Starenje stanovni\u0161tva sa sobom nosi brojne nove izazove u obezbje\u0111ivanju podr\u0161ke i za\u0161tite starijih i starih gra\u0111ana, ne samo u oblasti socijalne za\u0161tite, ve\u0107 i u drugim oblastima \u017eivota, a posebno u oblasti zdravstvene za\u0161tite i u oblasti penziono-invalidskog osiguranja. Zbog kompleksnih promjena u starosti, u zajednici je sve izra\u017eenija potreba za uvo\u0111enjem integrisanih socijalnih usluga, kako bi se na \u0161to kvalitetniji na\u010din odgovorilo na potrebe starih korisnika.<\/p>\n<p>Op\u0161irnije na linku:\u00a0<span style=\"color: #000080;\"><em><a style=\"color: #000080;\" href=\"http:\/\/nasedoba.me\/wp-content\/uploads\/2016\/02\/1-STRATEGIJA-STARI-2013-2017.pdf\" rel=\"\">Strategija razvoja sistema socijalne za\u0161tite starih lica 2013-2017<\/a>.<\/em><\/span><\/p>\n","protected":false},"excerpt":{"rendered":"<p>Strategija razvoja sistema socijalne za\u0161tite starih lica za period 2013-2017. godine, nastao je u transparentnom procesu rada Radne grupe za izradu strategije koju je formiralo Ministarstvo rada i socijalnog staranja, a usvojen je nakon javne rasprave. Starenje stanovni\u0161tva sa sobom nosi brojne nove izazove u obezbje\u0111ivanju podr\u0161ke i za\u0161tite starijih i starih gra\u0111ana, ne samo [&hellip;]<\/p>\n","protected":false},"author":11,"featured_media":0,"comment_status":"open","ping_status":"open","sticky":false,"template":"","format":"standard","meta":{"_et_pb_use_builder":"","_et_pb_old_content":"","_et_gb_content_width":"","_jetpack_memberships_contains_paid_content":false,"footnotes":""},"categories":[9,13],"tags":[],"class_list":["post-698","post","type-post","status-publish","format-standard","hentry","category-biblioteka","category-crna-gora","et-doesnt-have-format-content","et_post_format-et-post-format-standard"],"jetpack_featured_media_url":"","jetpack_sharing_enabled":true,"_links":{"self":[{"href":"https:\/\/nasedoba.me\/index.php?rest_route=\/wp\/v2\/posts\/698","targetHints":{"allow":["GET"]}}],"collection":[{"href":"https:\/\/nasedoba.me\/index.php?rest_route=\/wp\/v2\/posts"}],"about":[{"href":"https:\/\/nasedoba.me\/index.php?rest_route=\/wp\/v2\/types\/post"}],"author":[{"embeddable":true,"href":"https:\/\/nasedoba.me\/index.php?rest_route=\/wp\/v2\/users\/11"}],"replies":[{"embeddable":true,"href":"https:\/\/nasedoba.me\/index.php?rest_route=%2Fwp%2Fv2%2Fcomments&post=698"}],"version-history":[{"count":5,"href":"https:\/\/nasedoba.me\/index.php?rest_route=\/wp\/v2\/posts\/698\/revisions"}],"predecessor-version":[{"id":841,"href":"https:\/\/nasedoba.me\/index.php?rest_route=\/wp\/v2\/posts\/698\/revisions\/841"}],"wp:attachment":[{"href":"https:\/\/nasedoba.me\/index.php?rest_route=%2Fwp%2Fv2%2Fmedia&parent=698"}],"wp:term":[{"taxonomy":"category","embeddable":true,"href":"https:\/\/nasedoba.me\/index.php?rest_route=%2Fwp%2Fv2%2Fcategories&post=698"},{"taxonomy":"post_tag","embeddable":true,"href":"https:\/\/nasedoba.me\/index.php?rest_route=%2Fwp%2Fv2%2Ftags&post=698"}],"curies":[{"name":"wp","href":"https:\/\/api.w.org\/{rel}","templated":true}]}}