{"id":4476,"date":"2023-04-21T18:24:30","date_gmt":"2023-04-21T18:24:30","guid":{"rendered":"http:\/\/nasedoba.me\/?p=4476"},"modified":"2024-05-23T19:49:04","modified_gmt":"2024-05-23T19:49:04","slug":"radio-budva-o-nasem-dobu","status":"publish","type":"post","link":"https:\/\/nasedoba.me\/?p=4476","title":{"rendered":"Radio Budva o Na\u0161em dobu"},"content":{"rendered":"\r\n<p>&nbsp;<\/p>\r\n<p>&nbsp;<\/p>\r\n<p>Na okruglom stolu <em>Zna\u010daj aktivnog starenja \u2013 mogu\u0107nosti i perspektive u Crnoj Gori<\/em>, odr\u017eanom u Tivtu 24. marta 2023, govorile su, me\u0111u ostalima, na\u0161e \u010dlanice Vesna Laku\u0161 i Vesna Ratkovi\u0107. Djelovi njihovih izlaganja objavljeni su u Budvanskoj hronici na Radiju Budva 4. i 7. aprila 2023. godine.<\/p>\r\n<p>Vesna Laku\u0161 govorila je o dosada\u0161njim aktivnostima i projektima koje je reallizovalo NVU Na\u0161e Doba i o aktuelnom projektu Vje\u0161tine za na\u0161e doba, u okviru kojeg se i odr\u017eavaju okrugli stolovi u tri regije Crne Gore.<\/p>\r\n<audio class=\"wp-audio-shortcode\" id=\"audio-4476-1\" preload=\"none\" style=\"width: 100%;\" controls=\"controls\"><source type=\"audio\/mpeg\" src=\"http:\/\/nasedoba.me\/wp-content\/uploads\/2023\/04\/04.04.2023-Vesna-Lakus-Budvanska-hronika.mp3?_=1\" \/><a href=\"http:\/\/nasedoba.me\/wp-content\/uploads\/2023\/04\/04.04.2023-Vesna-Lakus-Budvanska-hronika.mp3\">http:\/\/nasedoba.me\/wp-content\/uploads\/2023\/04\/04.04.2023-Vesna-Lakus-Budvanska-hronika.mp3<\/a><\/audio>\r\n<p>Vesna Ratkovi\u0107 je predstavila primjere dobre prakse za aktivno starenje iz Slovenije i Srbije, sa kojima se upoznala kada je sa delegacijom Crvenog krsta Crne Gore posjetila manifestacije i klubove starijih .<\/p>\r\n<audio class=\"wp-audio-shortcode\" id=\"audio-4476-2\" preload=\"none\" style=\"width: 100%;\" controls=\"controls\"><source type=\"audio\/mpeg\" src=\"http:\/\/nasedoba.me\/wp-content\/uploads\/2023\/04\/07.04.2023-Vesna-Ratkovic-Budvanska-hronika-1.mp3?_=2\" \/><a href=\"http:\/\/nasedoba.me\/wp-content\/uploads\/2023\/04\/07.04.2023-Vesna-Ratkovic-Budvanska-hronika-1.mp3\">http:\/\/nasedoba.me\/wp-content\/uploads\/2023\/04\/07.04.2023-Vesna-Ratkovic-Budvanska-hronika-1.mp3<\/a><\/audio>\r\n","protected":false},"excerpt":{"rendered":"<p>&nbsp; &nbsp; Na okruglom stolu Zna\u010daj aktivnog starenja \u2013 mogu\u0107nosti i perspektive u Crnoj Gori, odr\u017eanom u Tivtu 24. marta 2023, govorile su, me\u0111u ostalima, na\u0161e \u010dlanice Vesna Laku\u0161 i Vesna Ratkovi\u0107. Djelovi njihovih izlaganja objavljeni su u Budvanskoj hronici na Radiju Budva 4. i 7. aprila 2023. godine. Vesna Laku\u0161 govorila je o dosada\u0161njim [&hellip;]<\/p>\n","protected":false},"author":6,"featured_media":4484,"comment_status":"open","ping_status":"open","sticky":false,"template":"","format":"standard","meta":{"_et_pb_use_builder":"","_et_pb_old_content":"","_et_gb_content_width":"","_jetpack_memberships_contains_paid_content":false,"footnotes":""},"categories":[20],"tags":[],"class_list":["post-4476","post","type-post","status-publish","format-standard","has-post-thumbnail","hentry","category-nase-aktivnosti","et-has-post-format-content","et_post_format-et-post-format-standard"],"jetpack_featured_media_url":"https:\/\/nasedoba.me\/wp-content\/uploads\/2023\/04\/RTVBudv-logo-e1716493711438.jpg","jetpack_sharing_enabled":true,"_links":{"self":[{"href":"https:\/\/nasedoba.me\/index.php?rest_route=\/wp\/v2\/posts\/4476","targetHints":{"allow":["GET"]}}],"collection":[{"href":"https:\/\/nasedoba.me\/index.php?rest_route=\/wp\/v2\/posts"}],"about":[{"href":"https:\/\/nasedoba.me\/index.php?rest_route=\/wp\/v2\/types\/post"}],"author":[{"embeddable":true,"href":"https:\/\/nasedoba.me\/index.php?rest_route=\/wp\/v2\/users\/6"}],"replies":[{"embeddable":true,"href":"https:\/\/nasedoba.me\/index.php?rest_route=%2Fwp%2Fv2%2Fcomments&post=4476"}],"version-history":[{"count":3,"href":"https:\/\/nasedoba.me\/index.php?rest_route=\/wp\/v2\/posts\/4476\/revisions"}],"predecessor-version":[{"id":4717,"href":"https:\/\/nasedoba.me\/index.php?rest_route=\/wp\/v2\/posts\/4476\/revisions\/4717"}],"wp:featuredmedia":[{"embeddable":true,"href":"https:\/\/nasedoba.me\/index.php?rest_route=\/wp\/v2\/media\/4484"}],"wp:attachment":[{"href":"https:\/\/nasedoba.me\/index.php?rest_route=%2Fwp%2Fv2%2Fmedia&parent=4476"}],"wp:term":[{"taxonomy":"category","embeddable":true,"href":"https:\/\/nasedoba.me\/index.php?rest_route=%2Fwp%2Fv2%2Fcategories&post=4476"},{"taxonomy":"post_tag","embeddable":true,"href":"https:\/\/nasedoba.me\/index.php?rest_route=%2Fwp%2Fv2%2Ftags&post=4476"}],"curies":[{"name":"wp","href":"https:\/\/api.w.org\/{rel}","templated":true}]}}