{"id":4069,"date":"2021-12-13T00:14:58","date_gmt":"2021-12-13T00:14:58","guid":{"rendered":"http:\/\/nasedoba.me\/?p=4069"},"modified":"2021-12-13T00:17:07","modified_gmt":"2021-12-13T00:17:07","slug":"milena-predstavlja-ucesnike","status":"publish","type":"post","link":"https:\/\/nasedoba.me\/?p=4069","title":{"rendered":"Milena predstavlja u\u010desnike"},"content":{"rendered":"<p>Posljednja radionica projekta U\u010dimo od mladih, 26. novembra 2021. godine, bila je prilika da proslavimo uspje\u0161nu saradnju s mladom generacijom \u2013 volonterima Crvenog krsta. Na na\u0161im \u010dasovima inspirisali smo jedni druge. Entuzijazam ovih tinejd\u017eera i nesebi\u010dno poklanjanje znanja i vremena (dolazili su sa \u0161kolskim torbama, direktno sa nastave ili prije nje) uvjerava nas da svijet ima na kome da ostane. A mi smo njima pokazali da je u\u010denje potreba svakog \u017eivotnog doba.<br \/>\nNa novembarskim radionicama izmijenjivalo se sedam \u010dlanica Na\u0161eg doba i devet volontera-instruktora. Oni su nam i dalje na raspolaganju za sve odgovore o informati\u010dkoj tehnologiji jer smo povezani u grupi na Viberu, imamo e-adrese svih \u010dlanova grupe i mo\u017eemo im se obratiti.<br \/>\nMilena Andrija\u0161evi\u0107, koordinatorka projekta, predstavlja prisutne na posljednjoj radionici.<\/p>\n<div style=\"width: 1024px;\" class=\"wp-video\"><video class=\"wp-video-shortcode\" id=\"video-4069-1\" width=\"1024\" height=\"576\" preload=\"metadata\" controls=\"controls\"><source type=\"video\/mp4\" src=\"http:\/\/nasedoba.me\/wp-content\/uploads\/2021\/12\/video-a61bb80167e559d49ee5da494fcf7327-V_002.mp4?_=1\" \/><a href=\"http:\/\/nasedoba.me\/wp-content\/uploads\/2021\/12\/video-a61bb80167e559d49ee5da494fcf7327-V_002.mp4\">http:\/\/nasedoba.me\/wp-content\/uploads\/2021\/12\/video-a61bb80167e559d49ee5da494fcf7327-V_002.mp4<\/a><\/video><\/div>\n<p>&nbsp;<\/p>\n","protected":false},"excerpt":{"rendered":"<p>Posljednja radionica projekta U\u010dimo od mladih, 26. novembra 2021. godine, bila je prilika da proslavimo uspje\u0161nu saradnju s mladom generacijom \u2013 volonterima Crvenog krsta. Na na\u0161im \u010dasovima inspirisali smo jedni druge. Entuzijazam ovih tinejd\u017eera i nesebi\u010dno poklanjanje znanja i vremena (dolazili su sa \u0161kolskim torbama, direktno sa nastave ili prije nje) uvjerava nas da svijet [&hellip;]<\/p>\n","protected":false},"author":6,"featured_media":4044,"comment_status":"open","ping_status":"open","sticky":false,"template":"","format":"standard","meta":{"_et_pb_use_builder":"","_et_pb_old_content":"","_et_gb_content_width":"","_jetpack_memberships_contains_paid_content":false,"footnotes":""},"categories":[20],"tags":[],"class_list":["post-4069","post","type-post","status-publish","format-standard","has-post-thumbnail","hentry","category-nase-aktivnosti","et-has-post-format-content","et_post_format-et-post-format-standard"],"jetpack_featured_media_url":"https:\/\/nasedoba.me\/wp-content\/uploads\/2021\/11\/0_104243-e1637700640510.jpg","jetpack_sharing_enabled":true,"_links":{"self":[{"href":"https:\/\/nasedoba.me\/index.php?rest_route=\/wp\/v2\/posts\/4069","targetHints":{"allow":["GET"]}}],"collection":[{"href":"https:\/\/nasedoba.me\/index.php?rest_route=\/wp\/v2\/posts"}],"about":[{"href":"https:\/\/nasedoba.me\/index.php?rest_route=\/wp\/v2\/types\/post"}],"author":[{"embeddable":true,"href":"https:\/\/nasedoba.me\/index.php?rest_route=\/wp\/v2\/users\/6"}],"replies":[{"embeddable":true,"href":"https:\/\/nasedoba.me\/index.php?rest_route=%2Fwp%2Fv2%2Fcomments&post=4069"}],"version-history":[{"count":3,"href":"https:\/\/nasedoba.me\/index.php?rest_route=\/wp\/v2\/posts\/4069\/revisions"}],"predecessor-version":[{"id":4083,"href":"https:\/\/nasedoba.me\/index.php?rest_route=\/wp\/v2\/posts\/4069\/revisions\/4083"}],"wp:featuredmedia":[{"embeddable":true,"href":"https:\/\/nasedoba.me\/index.php?rest_route=\/wp\/v2\/media\/4044"}],"wp:attachment":[{"href":"https:\/\/nasedoba.me\/index.php?rest_route=%2Fwp%2Fv2%2Fmedia&parent=4069"}],"wp:term":[{"taxonomy":"category","embeddable":true,"href":"https:\/\/nasedoba.me\/index.php?rest_route=%2Fwp%2Fv2%2Fcategories&post=4069"},{"taxonomy":"post_tag","embeddable":true,"href":"https:\/\/nasedoba.me\/index.php?rest_route=%2Fwp%2Fv2%2Ftags&post=4069"}],"curies":[{"name":"wp","href":"https:\/\/api.w.org\/{rel}","templated":true}]}}