{"id":3998,"date":"2021-09-28T23:14:26","date_gmt":"2021-09-28T23:14:26","guid":{"rendered":"http:\/\/nasedoba.me\/?p=3998"},"modified":"2021-09-30T10:25:33","modified_gmt":"2021-09-30T10:25:33","slug":"kvalitetna-starost-osnovno-ljudsko-pravo","status":"publish","type":"post","link":"https:\/\/nasedoba.me\/?p=3998","title":{"rendered":"Kvalitetna starost \u2013 osnovno ljudsko pravo"},"content":{"rendered":"<p><a href=\"http:\/\/nasedoba.me\/aktuelno\/kvalitetna-starost-osnovno-ljudsko-pravo\/attachment\/21-epale-image-placeholder\/\" rel=\"attachment wp-att-4011\"><img loading=\"lazy\" decoding=\"async\" class=\"aligncenter size-full wp-image-4011\" src=\"http:\/\/nasedoba.me\/wp-content\/uploads\/2021\/09\/21-EPALE-image-placeholder.png\" alt=\"21 EPALE image-placeholder\" width=\"538\" height=\"322\" srcset=\"https:\/\/nasedoba.me\/wp-content\/uploads\/2021\/09\/21-EPALE-image-placeholder.png 538w, https:\/\/nasedoba.me\/wp-content\/uploads\/2021\/09\/21-EPALE-image-placeholder-300x180.png 300w, https:\/\/nasedoba.me\/wp-content\/uploads\/2021\/09\/21-EPALE-image-placeholder-440x264.png 440w\" sizes=\"auto, (max-width: 538px) 100vw, 538px\" \/><\/a><\/p>\n<p><em><strong>Autorka teksta:\u00a0Gordana Bo\u0161kovi\u0107<\/strong><\/em><\/p>\n<p>Starenje populacije u Crnoj Gori, dove\u0161\u0107e do zna\u010dajnog smanjenja radne snage narednih godina, \u0161to dodatno mo\u017ee , uz posljedice koje su neminovne tokom i nakon pandemije Covid-19, negativno da uti\u010de na ekonomski polo\u017eaj na\u0161e zemlje. Zato smo u obavezi da primijenimo strate\u0161ke mjere kojima \u0107emo zna\u010dajno uticati na kvalitet \u017eivota starijih lica i da kreiramo programe podr\u0161ke socijalnoj simbiozi razli\u010ditih generacija.<\/p>\n<p>\u010clanak u cjelosti:\u00a0\u00a0<a href=\"https:\/\/epale.ec.europa.eu\/me\/blog\/kvalitetna-starost-je-osnovno-ljudsko-pravo\">EPALE &#8211; Elektronskoj platformi za obrazovanje odraslih<\/a><\/p>\n<p><em>Stru\u010dni tekst\u00a0<\/em>\u201d<em>Kvalitetna starost je osnovno ljudsko pravo<\/em>\u201d<em>objavljen je u sklopu projekta Srce planete, koji ima za cilj da se unaprijedi socijalna odgovornost i integrativni pristup i podstakne socijalna inkluzija, pove\u0107anje kvaliteta \u017eivota i kori\u0161\u0107enje kapaciteta starijih za samostalan \u017eivot.<\/em><\/p>\n","protected":false},"excerpt":{"rendered":"<p>Autorka teksta:\u00a0Gordana Bo\u0161kovi\u0107 Starenje populacije u Crnoj Gori, dove\u0161\u0107e do zna\u010dajnog smanjenja radne snage narednih godina, \u0161to dodatno mo\u017ee , uz posljedice koje su neminovne tokom i nakon pandemije Covid-19, negativno da uti\u010de na ekonomski polo\u017eaj na\u0161e zemlje. Zato smo u obavezi da primijenimo strate\u0161ke mjere kojima \u0107emo zna\u010dajno uticati na kvalitet \u017eivota starijih lica [&hellip;]<\/p>\n","protected":false},"author":6,"featured_media":4011,"comment_status":"open","ping_status":"open","sticky":false,"template":"","format":"standard","meta":{"_et_pb_use_builder":"","_et_pb_old_content":"","_et_gb_content_width":"","_jetpack_memberships_contains_paid_content":false,"footnotes":""},"categories":[10],"tags":[],"class_list":["post-3998","post","type-post","status-publish","format-standard","has-post-thumbnail","hentry","category-aktuelno","et-has-post-format-content","et_post_format-et-post-format-standard"],"jetpack_featured_media_url":"https:\/\/nasedoba.me\/wp-content\/uploads\/2021\/09\/21-EPALE-image-placeholder.png","jetpack_sharing_enabled":true,"_links":{"self":[{"href":"https:\/\/nasedoba.me\/index.php?rest_route=\/wp\/v2\/posts\/3998","targetHints":{"allow":["GET"]}}],"collection":[{"href":"https:\/\/nasedoba.me\/index.php?rest_route=\/wp\/v2\/posts"}],"about":[{"href":"https:\/\/nasedoba.me\/index.php?rest_route=\/wp\/v2\/types\/post"}],"author":[{"embeddable":true,"href":"https:\/\/nasedoba.me\/index.php?rest_route=\/wp\/v2\/users\/6"}],"replies":[{"embeddable":true,"href":"https:\/\/nasedoba.me\/index.php?rest_route=%2Fwp%2Fv2%2Fcomments&post=3998"}],"version-history":[{"count":5,"href":"https:\/\/nasedoba.me\/index.php?rest_route=\/wp\/v2\/posts\/3998\/revisions"}],"predecessor-version":[{"id":4014,"href":"https:\/\/nasedoba.me\/index.php?rest_route=\/wp\/v2\/posts\/3998\/revisions\/4014"}],"wp:featuredmedia":[{"embeddable":true,"href":"https:\/\/nasedoba.me\/index.php?rest_route=\/wp\/v2\/media\/4011"}],"wp:attachment":[{"href":"https:\/\/nasedoba.me\/index.php?rest_route=%2Fwp%2Fv2%2Fmedia&parent=3998"}],"wp:term":[{"taxonomy":"category","embeddable":true,"href":"https:\/\/nasedoba.me\/index.php?rest_route=%2Fwp%2Fv2%2Fcategories&post=3998"},{"taxonomy":"post_tag","embeddable":true,"href":"https:\/\/nasedoba.me\/index.php?rest_route=%2Fwp%2Fv2%2Ftags&post=3998"}],"curies":[{"name":"wp","href":"https:\/\/api.w.org\/{rel}","templated":true}]}}