{"id":3164,"date":"2018-10-05T12:07:39","date_gmt":"2018-10-05T12:07:39","guid":{"rendered":"http:\/\/nasedoba.me\/?p=3164"},"modified":"2018-10-05T12:08:26","modified_gmt":"2018-10-05T12:08:26","slug":"popodne-na-gorici","status":"publish","type":"post","link":"https:\/\/nasedoba.me\/?p=3164","title":{"rendered":"Popodne na Gorici"},"content":{"rendered":"<p>Posljednjeg septembarskog dana dva puta smo se na\u0161li na Gorici \u2013 ujutro na redovnoj nedjeljnoj ba\u0161tovanskoj akciji u Mediteranskom vrtu, a predve\u010de smo vje\u017ebali u prirodi.<\/p>\n<p>U Vrtu je bila istovarena svje\u017ea zemlja pa je desetak vje\u017eba\u010dica od\u0161etalo do platoa kod Spomenika Partizanu borcu. Vje\u017ebe joge vodila je instruktorka Milanka \u017darkovi\u0107, koja je i sama u\u010destvuje u radovima u Mediteransom vrtu i na\u0161em kutku &#8211; Vrtu u zelenom srcu grada.<br \/>\nOvo je bila jedna od aktivnosti kojima su organizacije, \u010dlanice mre\u017ee Dignitas, obilje\u017eile Svjetski dan starijih (1. oktobar) i ukazale na potrebe i potencijale starijih generacija. Mre\u017ea Dignitas povezuje institucije i organizacije u Crnoj Gori koje se bave pitanjima starijih generacija, a rad koordinira Crveni krst Crne Gore.<\/p>\n<p><img loading=\"lazy\" decoding=\"async\" class=\"alignnone size-full wp-image-3169\" src=\"http:\/\/nasedoba.me\/wp-content\/uploads\/2018\/10\/3184_n.jpg\" alt=\"3184_n\" width=\"960\" height=\"720\" srcset=\"https:\/\/nasedoba.me\/wp-content\/uploads\/2018\/10\/3184_n.jpg 960w, https:\/\/nasedoba.me\/wp-content\/uploads\/2018\/10\/3184_n-300x225.jpg 300w\" sizes=\"auto, (max-width: 960px) 100vw, 960px\" \/><\/p>\n<p>foto:\u00a0<a href=\"https:\/\/www.facebook.com\/CrvenikrstCG\/\">Crveni krst Crne Gore<\/a><\/p>\n","protected":false},"excerpt":{"rendered":"<p>Posljednjeg septembarskog dana dva puta smo se na\u0161li na Gorici \u2013 ujutro na redovnoj nedjeljnoj ba\u0161tovanskoj akciji u Mediteranskom vrtu, a predve\u010de smo vje\u017ebali u prirodi. U Vrtu je bila istovarena svje\u017ea zemlja pa je desetak vje\u017eba\u010dica od\u0161etalo do platoa kod Spomenika Partizanu borcu. Vje\u017ebe joge vodila je instruktorka Milanka \u017darkovi\u0107, koja je i sama [&hellip;]<\/p>\n","protected":false},"author":6,"featured_media":3170,"comment_status":"open","ping_status":"open","sticky":false,"template":"","format":"standard","meta":{"_et_pb_use_builder":"","_et_pb_old_content":"","_et_gb_content_width":"","_jetpack_memberships_contains_paid_content":false,"footnotes":""},"categories":[20],"tags":[],"class_list":["post-3164","post","type-post","status-publish","format-standard","has-post-thumbnail","hentry","category-nase-aktivnosti","et-has-post-format-content","et_post_format-et-post-format-standard"],"jetpack_featured_media_url":"https:\/\/nasedoba.me\/wp-content\/uploads\/2018\/10\/3456_n.jpg","jetpack_sharing_enabled":true,"_links":{"self":[{"href":"https:\/\/nasedoba.me\/index.php?rest_route=\/wp\/v2\/posts\/3164","targetHints":{"allow":["GET"]}}],"collection":[{"href":"https:\/\/nasedoba.me\/index.php?rest_route=\/wp\/v2\/posts"}],"about":[{"href":"https:\/\/nasedoba.me\/index.php?rest_route=\/wp\/v2\/types\/post"}],"author":[{"embeddable":true,"href":"https:\/\/nasedoba.me\/index.php?rest_route=\/wp\/v2\/users\/6"}],"replies":[{"embeddable":true,"href":"https:\/\/nasedoba.me\/index.php?rest_route=%2Fwp%2Fv2%2Fcomments&post=3164"}],"version-history":[{"count":5,"href":"https:\/\/nasedoba.me\/index.php?rest_route=\/wp\/v2\/posts\/3164\/revisions"}],"predecessor-version":[{"id":3184,"href":"https:\/\/nasedoba.me\/index.php?rest_route=\/wp\/v2\/posts\/3164\/revisions\/3184"}],"wp:featuredmedia":[{"embeddable":true,"href":"https:\/\/nasedoba.me\/index.php?rest_route=\/wp\/v2\/media\/3170"}],"wp:attachment":[{"href":"https:\/\/nasedoba.me\/index.php?rest_route=%2Fwp%2Fv2%2Fmedia&parent=3164"}],"wp:term":[{"taxonomy":"category","embeddable":true,"href":"https:\/\/nasedoba.me\/index.php?rest_route=%2Fwp%2Fv2%2Fcategories&post=3164"},{"taxonomy":"post_tag","embeddable":true,"href":"https:\/\/nasedoba.me\/index.php?rest_route=%2Fwp%2Fv2%2Ftags&post=3164"}],"curies":[{"name":"wp","href":"https:\/\/api.w.org\/{rel}","templated":true}]}}