{"id":2834,"date":"2018-04-19T08:26:10","date_gmt":"2018-04-19T08:26:10","guid":{"rendered":"http:\/\/nasedoba.me\/?p=2834"},"modified":"2018-07-05T12:11:05","modified_gmt":"2018-07-05T12:11:05","slug":"ozivjeli-likove-iz-jezeve-kucice","status":"publish","type":"post","link":"https:\/\/nasedoba.me\/?p=2834","title":{"rendered":"O\u017eivjeli likove iz \u201eJe\u017eeve ku\u0107ice\u201d"},"content":{"rendered":"<p>Novu kreativno-edukativnu radionicu <em>Zvukovnicu<\/em> odr\u017eale su 16. aprila, u Razvojnom centru Udru\u017eenja Roditelji, bake Vesna Laku\u0161 i Branka Ad\u017ei\u0107 &#8211; \u010dlanice Na\u0161eg doba.<\/p>\n<p>Djeca su glasovima i zvu\u010dnim efektima interpretirala \u0106opi\u0107evu\u00a0 \u201eJe\u017eevu ku\u0107icu\u201d. Napravljen je i audio-snimak njihove interpretacije.<br \/>\nSeriju radionica za djecu realizujemo u okviru projekta <em>Bake i deke za aktivan razvoj<\/em>. To je jedan od projekata Inicijative za socijalno uklju\u010divanje starijih, regionalnog programa koji u Crnoj Gori vodi Crveni krst a uz finansijusku podr\u0161ku EU, Austrijske agencije za razvoj i Austrijskog Crvenog krsta.<\/p>\n<p style=\"text-align: right;\"><img loading=\"lazy\" decoding=\"async\" class=\"wp-image-2858 aligncenter\" src=\"http:\/\/nasedoba.me\/wp-content\/uploads\/2018\/04\/IMG_8196-e1524090348314-300x251.jpg\" alt=\"IMG_8196\" width=\"710\" height=\"594\" srcset=\"https:\/\/nasedoba.me\/wp-content\/uploads\/2018\/04\/IMG_8196-e1524090348314-300x251.jpg 300w, https:\/\/nasedoba.me\/wp-content\/uploads\/2018\/04\/IMG_8196-e1524090348314-1024x857.jpg 1024w, https:\/\/nasedoba.me\/wp-content\/uploads\/2018\/04\/IMG_8196-e1524090348314-1080x904.jpg 1080w, https:\/\/nasedoba.me\/wp-content\/uploads\/2018\/04\/IMG_8196-e1524090348314.jpg 1872w\" sizes=\"auto, (max-width: 710px) 100vw, 710px\" \/><br \/>\n<img loading=\"lazy\" decoding=\"async\" class=\"wp-image-2857 aligncenter\" src=\"http:\/\/nasedoba.me\/wp-content\/uploads\/2018\/04\/0-IMG_8167-e1524089422850-300x253.jpg\" alt=\"0 IMG_8167\" width=\"705\" height=\"594\" srcset=\"https:\/\/nasedoba.me\/wp-content\/uploads\/2018\/04\/0-IMG_8167-e1524089422850-300x253.jpg 300w, https:\/\/nasedoba.me\/wp-content\/uploads\/2018\/04\/0-IMG_8167-e1524089422850-1024x862.jpg 1024w, https:\/\/nasedoba.me\/wp-content\/uploads\/2018\/04\/0-IMG_8167-e1524089422850-1080x909.jpg 1080w\" sizes=\"auto, (max-width: 705px) 100vw, 705px\" \/><\/p>\n<p>&nbsp;<\/p>\n<p>Foto:\u00a0<a href=\"https:\/\/www.facebook.com\/media\/set\/?set=ms.c.eJxNz8ENwDAIA8CNKgMGkv0XqwSC9ntybCLh94bCiJMOf2QA6ZTUAVaCsYlgATkgmVQcXUCDfRBVGnfArBI4C1oJ2oD3rO~_sNpzvDvQd26Gojt8Tb8D~_BT0ruxK9oi9jlTdG.bps.a.1659961984087510.1073742129.797283340355383&amp;type=1\">Udru\u017eenje Roditelji<\/a><\/p>\n","protected":false},"excerpt":{"rendered":"<p>Novu kreativno-edukativnu radionicu Zvukovnicu odr\u017eale su 16. aprila, u Razvojnom centru Udru\u017eenja Roditelji, bake Vesna Laku\u0161 i Branka Ad\u017ei\u0107 &#8211; \u010dlanice Na\u0161eg doba. Djeca su glasovima i zvu\u010dnim efektima interpretirala \u0106opi\u0107evu\u00a0 \u201eJe\u017eevu ku\u0107icu\u201d. Napravljen je i audio-snimak njihove interpretacije. Seriju radionica za djecu realizujemo u okviru projekta Bake i deke za aktivan razvoj. To je [&hellip;]<\/p>\n","protected":false},"author":6,"featured_media":2856,"comment_status":"open","ping_status":"open","sticky":false,"template":"","format":"standard","meta":{"_et_pb_use_builder":"","_et_pb_old_content":"","_et_gb_content_width":"","_jetpack_memberships_contains_paid_content":false,"footnotes":""},"categories":[20],"tags":[143,139,238],"class_list":["post-2834","post","type-post","status-publish","format-standard","has-post-thumbnail","hentry","category-nase-aktivnosti","tag-crveni-krst","tag-nase-doba","tag-vesna-lakus","et-has-post-format-content","et_post_format-et-post-format-standard"],"jetpack_featured_media_url":"https:\/\/nasedoba.me\/wp-content\/uploads\/2018\/04\/0-IMG_8157-e1524089250329.jpg","jetpack_sharing_enabled":true,"_links":{"self":[{"href":"https:\/\/nasedoba.me\/index.php?rest_route=\/wp\/v2\/posts\/2834","targetHints":{"allow":["GET"]}}],"collection":[{"href":"https:\/\/nasedoba.me\/index.php?rest_route=\/wp\/v2\/posts"}],"about":[{"href":"https:\/\/nasedoba.me\/index.php?rest_route=\/wp\/v2\/types\/post"}],"author":[{"embeddable":true,"href":"https:\/\/nasedoba.me\/index.php?rest_route=\/wp\/v2\/users\/6"}],"replies":[{"embeddable":true,"href":"https:\/\/nasedoba.me\/index.php?rest_route=%2Fwp%2Fv2%2Fcomments&post=2834"}],"version-history":[{"count":5,"href":"https:\/\/nasedoba.me\/index.php?rest_route=\/wp\/v2\/posts\/2834\/revisions"}],"predecessor-version":[{"id":2868,"href":"https:\/\/nasedoba.me\/index.php?rest_route=\/wp\/v2\/posts\/2834\/revisions\/2868"}],"wp:featuredmedia":[{"embeddable":true,"href":"https:\/\/nasedoba.me\/index.php?rest_route=\/wp\/v2\/media\/2856"}],"wp:attachment":[{"href":"https:\/\/nasedoba.me\/index.php?rest_route=%2Fwp%2Fv2%2Fmedia&parent=2834"}],"wp:term":[{"taxonomy":"category","embeddable":true,"href":"https:\/\/nasedoba.me\/index.php?rest_route=%2Fwp%2Fv2%2Fcategories&post=2834"},{"taxonomy":"post_tag","embeddable":true,"href":"https:\/\/nasedoba.me\/index.php?rest_route=%2Fwp%2Fv2%2Ftags&post=2834"}],"curies":[{"name":"wp","href":"https:\/\/api.w.org\/{rel}","templated":true}]}}