{"id":2627,"date":"2018-02-23T12:07:26","date_gmt":"2018-02-23T12:07:26","guid":{"rendered":"http:\/\/nasedoba.me\/?p=2627"},"modified":"2018-02-23T12:07:26","modified_gmt":"2018-02-23T12:07:26","slug":"ja-sam-u-tvojim-godinama-bio-ti-u-mojim-nijesi","status":"publish","type":"post","link":"https:\/\/nasedoba.me\/?p=2627","title":{"rendered":"Ja sam u tvojim godinama bio, a ti u mojim nijesi"},"content":{"rendered":"<p>\u010casopis \u201eD\u017eada Glavnog grada\u201d, glasilo grada Podgorice objavio je u broju od decembra 2017. \u010dlanak o starenju i odnosu mla\u0111ih generacija prema potrebama starijih. Autor postavlja pitanje: \u0160to radimo da ljudima u svom okru\u017eenju starost u\u010dinimo prijatnijom?<\/p>\n<p>NVU \u201eNa\u0161e doba\u201d istaknuto je kao primjer nastojanja da zajednici uka\u017ee na potrebe i sposobnosti starijih.<\/p>\n<p><img loading=\"lazy\" decoding=\"async\" class=\"wp-image-2640 aligncenter\" src=\"http:\/\/nasedoba.me\/wp-content\/uploads\/2018\/02\/str-1-718x1024.jpg\" alt=\"str 1\" width=\"739\" height=\"1052\" \/><\/p>\n<p><img loading=\"lazy\" decoding=\"async\" class=\"wp-image-2638 aligncenter\" src=\"http:\/\/nasedoba.me\/wp-content\/uploads\/2018\/02\/str-2-e1519345402892-1024x899.jpg\" alt=\"str 2\" width=\"745\" height=\"654\" srcset=\"https:\/\/nasedoba.me\/wp-content\/uploads\/2018\/02\/str-2-e1519345402892-1024x899.jpg 1024w, https:\/\/nasedoba.me\/wp-content\/uploads\/2018\/02\/str-2-e1519345402892-300x263.jpg 300w, https:\/\/nasedoba.me\/wp-content\/uploads\/2018\/02\/str-2-e1519345402892-1080x948.jpg 1080w\" sizes=\"auto, (max-width: 745px) 100vw, 745px\" \/><\/p>\n","protected":false},"excerpt":{"rendered":"<p>\u010casopis \u201eD\u017eada Glavnog grada\u201d, glasilo grada Podgorice objavio je u broju od decembra 2017. \u010dlanak o starenju i odnosu mla\u0111ih generacija prema potrebama starijih. Autor postavlja pitanje: \u0160to radimo da ljudima u svom okru\u017eenju starost u\u010dinimo prijatnijom? NVU \u201eNa\u0161e doba\u201d istaknuto je kao primjer nastojanja da zajednici uka\u017ee na potrebe i sposobnosti starijih.<\/p>\n","protected":false},"author":6,"featured_media":2639,"comment_status":"open","ping_status":"open","sticky":false,"template":"","format":"standard","meta":{"_et_pb_use_builder":"","_et_pb_old_content":"","_et_gb_content_width":"","_jetpack_memberships_contains_paid_content":false,"footnotes":""},"categories":[20],"tags":[],"class_list":["post-2627","post","type-post","status-publish","format-standard","has-post-thumbnail","hentry","category-nase-aktivnosti","et-has-post-format-content","et_post_format-et-post-format-standard"],"jetpack_featured_media_url":"https:\/\/nasedoba.me\/wp-content\/uploads\/2018\/02\/naslovna-6-e1519346062323.jpg","jetpack_sharing_enabled":true,"_links":{"self":[{"href":"https:\/\/nasedoba.me\/index.php?rest_route=\/wp\/v2\/posts\/2627","targetHints":{"allow":["GET"]}}],"collection":[{"href":"https:\/\/nasedoba.me\/index.php?rest_route=\/wp\/v2\/posts"}],"about":[{"href":"https:\/\/nasedoba.me\/index.php?rest_route=\/wp\/v2\/types\/post"}],"author":[{"embeddable":true,"href":"https:\/\/nasedoba.me\/index.php?rest_route=\/wp\/v2\/users\/6"}],"replies":[{"embeddable":true,"href":"https:\/\/nasedoba.me\/index.php?rest_route=%2Fwp%2Fv2%2Fcomments&post=2627"}],"version-history":[{"count":4,"href":"https:\/\/nasedoba.me\/index.php?rest_route=\/wp\/v2\/posts\/2627\/revisions"}],"predecessor-version":[{"id":2643,"href":"https:\/\/nasedoba.me\/index.php?rest_route=\/wp\/v2\/posts\/2627\/revisions\/2643"}],"wp:featuredmedia":[{"embeddable":true,"href":"https:\/\/nasedoba.me\/index.php?rest_route=\/wp\/v2\/media\/2639"}],"wp:attachment":[{"href":"https:\/\/nasedoba.me\/index.php?rest_route=%2Fwp%2Fv2%2Fmedia&parent=2627"}],"wp:term":[{"taxonomy":"category","embeddable":true,"href":"https:\/\/nasedoba.me\/index.php?rest_route=%2Fwp%2Fv2%2Fcategories&post=2627"},{"taxonomy":"post_tag","embeddable":true,"href":"https:\/\/nasedoba.me\/index.php?rest_route=%2Fwp%2Fv2%2Ftags&post=2627"}],"curies":[{"name":"wp","href":"https:\/\/api.w.org\/{rel}","templated":true}]}}