{"id":1529,"date":"2016-09-01T21:53:05","date_gmt":"2016-09-01T21:53:05","guid":{"rendered":"http:\/\/nasedoba.me\/?p=1529"},"modified":"2016-09-01T21:53:05","modified_gmt":"2016-09-01T21:53:05","slug":"kic-u-septembru","status":"publish","type":"post","link":"https:\/\/nasedoba.me\/?p=1529","title":{"rendered":"KIC u septembru"},"content":{"rendered":"<p>Po\u010detak mjeseca obilje\u017ei\u0107e gostovanje poetskog teatra \u201cGlasovi lavirinta\u201d\u00a0Foruma mladih pisaca KIC-a \u201cBudo Tomovi\u0107\u201d 4. septembra na 46. Ratkovi\u0107evim\u00a0ve\u010derima poezije, u okviru Programa za mlade pjesnike. Nakon odli\u010dnog prijema ovog\u00a0multimedijalnog projekta u Podgorici, Kotoru i Tivtu, predstavljanjem publici\u00a0renomirane pjesni\u010dke manifestacije Ratkovi\u0107eve ve\u010deri poezije, Forum mladih pisaca\u00a0KIC-a krunisa\u0107e njegova ovogodi\u0161nja izvo\u0111enja.<\/p>\n<p>Muzi\u010dki program otvori\u0107e hepening koji organizuje NVO Svjetske umjetni\u010dke\u00a0igre Crna Gora &#8211; World Art Games Montenegro, 3. septembra na terasi KIC-a u okviru\u00a0kojeg \u0107e nastupiti izvr\u0161ni producent afri\u010dkog jazz\u2019n\u2019funk-a i afro beat-a iz Etiopije, DJ\u00a0JAZZY DAVE (D\u017eezi Dejv).<\/p>\n<p>U saradnji sa Ambasadom Slova\u010dke\u00a0u Crnoj Gori, KIC organizuje 13. septembra koncert presti\u017enog Folklornog ansambla\u00a0\u201dPartizan\u201d iz Slova\u010dke.<\/p>\n<p><strong>Filmski repertoar<\/strong> od 19. do 22. septembra bi\u0107e u znaku tradicionalne\u00a0revije filmova pod nazivom \u201eZlatne komedije\u201c u okviru koje \u0107e biti prikazani sljede\u0107i\u00a0filmovi: 19.septembar &#8211; \u201cMafija\u0161 pod stresom\u201d, \u00a020. septembar &#8211; \u201cDupleks\u201d,\u00a021. septembar &#8211; \u201cMafija!\u201d i 22. septembar &#8211; \u201cDobro da bolje ne mo\u017ee biti\u201d.<\/p>\n<p>EU info centrom da organizuje Dane evropskog filma\u00a0od 8. do 11. septembra na terasu.<\/p>\n<p>&#8220;Dio repertoara prvog Podgorica\u00a0Film Festivala koji organizujemo u saradnji sa Crnogorskom kinotekom bi\u0107e odr\u017ean\u00a0od 23. do 27. septembra na terasi KIC-a u okviru kojeg \u0107e biti prikazani nagra\u0111ivani\u00a0filmovi \u201cDnevnik ma\u0161inovo\u0111e\u201d, \u201cDobra \u017eena\u201d Mire Karanovi\u0107 i drugi&#8221;.<\/p>\n<p>Doma\u0107in Petog me\u0111unarodnog festivala lutkarstva Podgorica, Crna Gora bi\u0107e i\u00a0ove godine KIC \u201cBudo Tomovi\u0107\u201d sa NVO \u201cDje\u010diji umjetni\u010dki centar\u201d, a Festival \u0107e biti\u00a0odr\u017ean od 14. do 18. septembra u okviru manifestacije Podgori\u010dko ljeto 2016.<\/p>\n<p>KIC \u0107e pru\u017eiti tehni\u010dko &#8211; organizacionu podr\u0161ku Festivalu internacionalnog\u00a0alternativnog teatra (FIAT) koji \u0107e biti realizovan od 9. do 14. septembra.<\/p>\n<p>Predstavu \u201ePles pobjednika\u201c NVO \u201eStudentski teatar\u201c publika \u0107e u KIC-u ponovo\u00a0mo\u0107i vidjeti 12. septembra.<\/p>\n<p>U okviru likovnog programa, 19. septembra bi\u0107e uprili\u010dena izlo\u017eba slika<strong>\u00a0<\/strong>Suada Masli\u010di\u0107a, a izlo\u017eba pod nazivom \u201eIstorija metrologije u Crnoj Gori\u201c bi\u0107e\u00a0organizovana u \u010dast obilje\u017eavanja decenije rada Zavoda za metrologiju 8. septembra.<\/p>\n<p>Autorka Dragana Rajblovi\u0107 predstavi\u0107e svoju knjigu &#8220;Moj Everest &#8211; san i java&#8221;<strong>\u00a0<\/strong>20. septembra, a Ministarstvo nauke od 28. do 30. septembra\u00a0priredi\u0107e laserski \u0161ou za najmla\u0111e.<\/p>\n<p>&nbsp;<\/p>\n<p>Izvor i foto: CDM<\/p>\n<p>&nbsp;<\/p>\n","protected":false},"excerpt":{"rendered":"<p>Po\u010detak mjeseca obilje\u017ei\u0107e gostovanje poetskog teatra \u201cGlasovi lavirinta\u201d\u00a0Foruma mladih pisaca KIC-a \u201cBudo Tomovi\u0107\u201d 4. septembra na 46. Ratkovi\u0107evim\u00a0ve\u010derima poezije, u okviru Programa za mlade pjesnike. Nakon odli\u010dnog prijema ovog\u00a0multimedijalnog projekta u Podgorici, Kotoru i Tivtu, predstavljanjem publici\u00a0renomirane pjesni\u010dke manifestacije Ratkovi\u0107eve ve\u010deri poezije, Forum mladih pisaca\u00a0KIC-a krunisa\u0107e njegova ovogodi\u0161nja izvo\u0111enja. Muzi\u010dki program otvori\u0107e hepening koji organizuje [&hellip;]<\/p>\n","protected":false},"author":11,"featured_media":1530,"comment_status":"open","ping_status":"open","sticky":false,"template":"","format":"standard","meta":{"_et_pb_use_builder":"","_et_pb_old_content":"","_et_gb_content_width":"","_jetpack_memberships_contains_paid_content":false,"footnotes":""},"categories":[10],"tags":[48,95],"class_list":["post-1529","post","type-post","status-publish","format-standard","has-post-thumbnail","hentry","category-aktuelno","tag-kic","tag-repertoar","et-has-post-format-content","et_post_format-et-post-format-standard"],"jetpack_featured_media_url":"https:\/\/nasedoba.me\/wp-content\/uploads\/2016\/09\/kic_4.jpg","jetpack_sharing_enabled":true,"_links":{"self":[{"href":"https:\/\/nasedoba.me\/index.php?rest_route=\/wp\/v2\/posts\/1529","targetHints":{"allow":["GET"]}}],"collection":[{"href":"https:\/\/nasedoba.me\/index.php?rest_route=\/wp\/v2\/posts"}],"about":[{"href":"https:\/\/nasedoba.me\/index.php?rest_route=\/wp\/v2\/types\/post"}],"author":[{"embeddable":true,"href":"https:\/\/nasedoba.me\/index.php?rest_route=\/wp\/v2\/users\/11"}],"replies":[{"embeddable":true,"href":"https:\/\/nasedoba.me\/index.php?rest_route=%2Fwp%2Fv2%2Fcomments&post=1529"}],"version-history":[{"count":1,"href":"https:\/\/nasedoba.me\/index.php?rest_route=\/wp\/v2\/posts\/1529\/revisions"}],"predecessor-version":[{"id":1531,"href":"https:\/\/nasedoba.me\/index.php?rest_route=\/wp\/v2\/posts\/1529\/revisions\/1531"}],"wp:featuredmedia":[{"embeddable":true,"href":"https:\/\/nasedoba.me\/index.php?rest_route=\/wp\/v2\/media\/1530"}],"wp:attachment":[{"href":"https:\/\/nasedoba.me\/index.php?rest_route=%2Fwp%2Fv2%2Fmedia&parent=1529"}],"wp:term":[{"taxonomy":"category","embeddable":true,"href":"https:\/\/nasedoba.me\/index.php?rest_route=%2Fwp%2Fv2%2Fcategories&post=1529"},{"taxonomy":"post_tag","embeddable":true,"href":"https:\/\/nasedoba.me\/index.php?rest_route=%2Fwp%2Fv2%2Ftags&post=1529"}],"curies":[{"name":"wp","href":"https:\/\/api.w.org\/{rel}","templated":true}]}}