{"id":1379,"date":"2016-06-30T09:29:56","date_gmt":"2016-06-30T09:29:56","guid":{"rendered":"http:\/\/nasedoba.me\/?p=1379"},"modified":"2016-06-30T09:29:56","modified_gmt":"2016-06-30T09:29:56","slug":"pocinje-ljeto-u-prijestonici","status":"publish","type":"post","link":"https:\/\/nasedoba.me\/?p=1379","title":{"rendered":"Po\u010dinje &#8220;Ljeto u Prijestonici&#8221;"},"content":{"rendered":"<div class=\"-itemIntroText citat2\">\n<p>Ovogodi\u0161nje izdanje tradicionalne manifestacije \u201eLjeto u Prijestonici\u201c, u organizaciji Prijestonice Cetinje i Turisti\u010dke organizacije Prijestonice Cetinje, po\u010de\u0107e 1. jula i traja\u0107e do septembra.<\/p>\n<\/div>\n<div class=\"itemFullText\">\n<p>Manifestacija &#8220;Ljeto u Prijestonici\u201c predstavlja svojevrstan splet umjetni\u010dkih formi \u2013 po\u010dev od muzi\u010dkih, preko dramskih, sve do likovnih i sportskih, a njene segmente \u2013 koji traju tokom jula, avgusta i septembra \u2013 prethodnih godina pratilo je i do 30.000 posjetilaca.<\/p>\n<p>Ba\u0161 kako je to bilo i pro\u0161lih sezona, i tokom ovogodi\u0161njeg \u201eLjeta u Prijestonici\u201c bi\u0107e uprili\u010deno vi\u0161e desetina doga\u0111aja, kako na gradskom, tako i na ruralnom podru\u010dju.<\/p>\n<p>Kada je rije\u010d o julskom programu, on \u0107e biti otvoren regionalnom smotrom oldtajmera, koja \u0107e ove godine biti odr\u017eana 1. jula na Dvorskom trgu.<\/p>\n<p>Op\u0161irnije na linku\u00a0<a href=\"http:\/\/www.cetinje.me\/index.php\/me\/gradska-uprava\/aktuelnosti\/item\/1104-pocinje-ljeto-u-prijestonici-objavljeni-datumi-julskog-programa\">Prijestonica Cetinje<\/a><\/p>\n<p>Izvor i foto: Sajt Prijestonice Cetinje<\/p>\n<\/div>\n","protected":false},"excerpt":{"rendered":"<p>Ovogodi\u0161nje izdanje tradicionalne manifestacije \u201eLjeto u Prijestonici\u201c, u organizaciji Prijestonice Cetinje i Turisti\u010dke organizacije Prijestonice Cetinje, po\u010de\u0107e 1. jula i traja\u0107e do septembra. Manifestacija &#8220;Ljeto u Prijestonici\u201c predstavlja svojevrstan splet umjetni\u010dkih formi \u2013 po\u010dev od muzi\u010dkih, preko dramskih, sve do likovnih i sportskih, a njene segmente \u2013 koji traju tokom jula, avgusta i septembra \u2013 [&hellip;]<\/p>\n","protected":false},"author":11,"featured_media":1380,"comment_status":"open","ping_status":"open","sticky":false,"template":"","format":"standard","meta":{"_et_pb_use_builder":"","_et_pb_old_content":"","_et_gb_content_width":"","_jetpack_memberships_contains_paid_content":false,"footnotes":""},"categories":[10],"tags":[42,43],"class_list":["post-1379","post","type-post","status-publish","format-standard","has-post-thumbnail","hentry","category-aktuelno","tag-cetinje","tag-manifestacija","et-has-post-format-content","et_post_format-et-post-format-standard"],"jetpack_featured_media_url":"https:\/\/nasedoba.me\/wp-content\/uploads\/2016\/06\/prijestonica.jpg","jetpack_sharing_enabled":true,"_links":{"self":[{"href":"https:\/\/nasedoba.me\/index.php?rest_route=\/wp\/v2\/posts\/1379","targetHints":{"allow":["GET"]}}],"collection":[{"href":"https:\/\/nasedoba.me\/index.php?rest_route=\/wp\/v2\/posts"}],"about":[{"href":"https:\/\/nasedoba.me\/index.php?rest_route=\/wp\/v2\/types\/post"}],"author":[{"embeddable":true,"href":"https:\/\/nasedoba.me\/index.php?rest_route=\/wp\/v2\/users\/11"}],"replies":[{"embeddable":true,"href":"https:\/\/nasedoba.me\/index.php?rest_route=%2Fwp%2Fv2%2Fcomments&post=1379"}],"version-history":[{"count":1,"href":"https:\/\/nasedoba.me\/index.php?rest_route=\/wp\/v2\/posts\/1379\/revisions"}],"predecessor-version":[{"id":1381,"href":"https:\/\/nasedoba.me\/index.php?rest_route=\/wp\/v2\/posts\/1379\/revisions\/1381"}],"wp:featuredmedia":[{"embeddable":true,"href":"https:\/\/nasedoba.me\/index.php?rest_route=\/wp\/v2\/media\/1380"}],"wp:attachment":[{"href":"https:\/\/nasedoba.me\/index.php?rest_route=%2Fwp%2Fv2%2Fmedia&parent=1379"}],"wp:term":[{"taxonomy":"category","embeddable":true,"href":"https:\/\/nasedoba.me\/index.php?rest_route=%2Fwp%2Fv2%2Fcategories&post=1379"},{"taxonomy":"post_tag","embeddable":true,"href":"https:\/\/nasedoba.me\/index.php?rest_route=%2Fwp%2Fv2%2Ftags&post=1379"}],"curies":[{"name":"wp","href":"https:\/\/api.w.org\/{rel}","templated":true}]}}