{"id":1348,"date":"2016-06-22T10:00:05","date_gmt":"2016-06-22T10:00:05","guid":{"rendered":"http:\/\/nasedoba.me\/?p=1348"},"modified":"2016-06-22T10:05:56","modified_gmt":"2016-06-22T10:05:56","slug":"kamen-temeljac-doma-za-starije-u-pljevljima","status":"publish","type":"post","link":"https:\/\/nasedoba.me\/?p=1348","title":{"rendered":"Kamen temeljac Doma za starije u Pljevljima"},"content":{"rendered":"<p><img loading=\"lazy\" decoding=\"async\" class=\"aligncenter wp-image-1351 size-full\" src=\"http:\/\/nasedoba.me\/wp-content\/uploads\/2016\/06\/16-06-20-PLJ.jpg\" alt=\"16 06 20 PLJ\" width=\"480\" height=\"319\" srcset=\"https:\/\/nasedoba.me\/wp-content\/uploads\/2016\/06\/16-06-20-PLJ.jpg 480w, https:\/\/nasedoba.me\/wp-content\/uploads\/2016\/06\/16-06-20-PLJ-300x199.jpg 300w\" sizes=\"auto, (max-width: 480px) 100vw, 480px\" \/><\/p>\n<p>Ministar rada i socijalnog staranja Boris Mari\u0107 i predsjednik Op\u0161tine Pljevlja Mirko \u0110a\u010di\u0107 postavili su 20. juna kamen temeljac za izgradnju Doma za starije u Pljevljima.<br \/>\nU Domu \u0107e biti mjesta za 68 korisnika. Ukupna vrijednost projekta je 2,62 miliona eura, od \u010dega je 2,08 miliona eura donacija Razvojne banke Savjeta Evrope. Lokalna uprava ustupila je lokaciju i pobrinu\u0107e se za komunalno opremanje objekta.<\/p>\n<p>Op\u0161irnije na portalu \u00a0<a href=\"http:\/\/pvportal.me\/2016\/06\/postavljen-kamen-temeljac-za-izgradnju-starackog-doma\/\">PVportal.me<\/a><\/p>\n","protected":false},"excerpt":{"rendered":"<p>Ministar rada i socijalnog staranja Boris Mari\u0107 i predsjednik Op\u0161tine Pljevlja Mirko \u0110a\u010di\u0107 postavili su 20. juna kamen temeljac za izgradnju Doma za starije u Pljevljima. U Domu \u0107e biti mjesta za 68 korisnika. Ukupna vrijednost projekta je 2,62 miliona eura, od \u010dega je 2,08 miliona eura donacija Razvojne banke Savjeta Evrope. Lokalna uprava ustupila [&hellip;]<\/p>\n","protected":false},"author":6,"featured_media":1353,"comment_status":"open","ping_status":"open","sticky":false,"template":"","format":"standard","meta":{"_et_pb_use_builder":"","_et_pb_old_content":"","_et_gb_content_width":"","_jetpack_memberships_contains_paid_content":false,"footnotes":""},"categories":[10],"tags":[36,37],"class_list":["post-1348","post","type-post","status-publish","format-standard","has-post-thumbnail","hentry","category-aktuelno","tag-penzioneri","tag-pljevlja","et_post_format-et-post-format-gallery","et-doesnt-have-format-content"],"jetpack_featured_media_url":"https:\/\/nasedoba.me\/wp-content\/uploads\/2016\/06\/16-06-20-kamen472.jpg","jetpack_sharing_enabled":true,"_links":{"self":[{"href":"https:\/\/nasedoba.me\/index.php?rest_route=\/wp\/v2\/posts\/1348","targetHints":{"allow":["GET"]}}],"collection":[{"href":"https:\/\/nasedoba.me\/index.php?rest_route=\/wp\/v2\/posts"}],"about":[{"href":"https:\/\/nasedoba.me\/index.php?rest_route=\/wp\/v2\/types\/post"}],"author":[{"embeddable":true,"href":"https:\/\/nasedoba.me\/index.php?rest_route=\/wp\/v2\/users\/6"}],"replies":[{"embeddable":true,"href":"https:\/\/nasedoba.me\/index.php?rest_route=%2Fwp%2Fv2%2Fcomments&post=1348"}],"version-history":[{"count":5,"href":"https:\/\/nasedoba.me\/index.php?rest_route=\/wp\/v2\/posts\/1348\/revisions"}],"predecessor-version":[{"id":1358,"href":"https:\/\/nasedoba.me\/index.php?rest_route=\/wp\/v2\/posts\/1348\/revisions\/1358"}],"wp:featuredmedia":[{"embeddable":true,"href":"https:\/\/nasedoba.me\/index.php?rest_route=\/wp\/v2\/media\/1353"}],"wp:attachment":[{"href":"https:\/\/nasedoba.me\/index.php?rest_route=%2Fwp%2Fv2%2Fmedia&parent=1348"}],"wp:term":[{"taxonomy":"category","embeddable":true,"href":"https:\/\/nasedoba.me\/index.php?rest_route=%2Fwp%2Fv2%2Fcategories&post=1348"},{"taxonomy":"post_tag","embeddable":true,"href":"https:\/\/nasedoba.me\/index.php?rest_route=%2Fwp%2Fv2%2Ftags&post=1348"}],"curies":[{"name":"wp","href":"https:\/\/api.w.org\/{rel}","templated":true}]}}