{"id":999,"date":"2016-04-01T09:25:11","date_gmt":"2016-04-01T09:25:11","guid":{"rendered":"http:\/\/nasedoba.me\/?p=999"},"modified":"2016-04-04T10:57:03","modified_gmt":"2016-04-04T10:57:03","slug":"akcija-ciscenja-brda-gorica","status":"publish","type":"post","link":"http:\/\/nasedoba.me\/?p=999","title":{"rendered":"Akcija \u010di\u0161\u0107enja brda Gorica"},"content":{"rendered":"<p>&nbsp;<\/p>\n<p>Park &#8211; \u0161uma, brdo Gorica je prostor od izuzetnog zna\u010daja za gra\u0111ane Podgorice. Pored najstarijeg vjerskog objekta u gradu, Crkve Sv. \u0110or\u0111a iz X vijeka i spomenika Partizanu borcu, brdo po kojem je grad dobio ime, sa visinom od 131 metra nadmorske visine, predstavlja i dominantnu strukturu nad okolnim terenom. Stapanjem stijenskog masiva brda u korito Mora\u010de stvaraju se izuzetne ambijentalne vrijednosti. Pored toga, 41 biljna vrsta (od evidentiranih 460 vrsta) ubraja se kategoriju endemi\u010dnih, endemoreliktnih i reliktnih, dok su tri vrste zakonom za\u0161ti\u0107ene. Na Gorici se pojavljuju \u010dak i nove vrste gljiva, a preko 70 vrsta ptica naseljava teren parka. Ovaj zadivljuju\u0107i biodiverzitet Goricu izdvaja od prosje\u010dnog parka. Zeleno srce grada.<\/p>\n<p>Zna\u010daj centralne gradske zelene oaze za zdravlje i rekreaciju gra\u0111ana je ogroman. Jedino je prostranije mjesto u gradu gdje je mogu\u0107e u\u017eivati u miru i ti\u0161ini, na \u010distom vazduhu, \u0161to svakodnevno koriste stotine rekreativaca, penzionera, u\u010denika, djece\u2026<\/p>\n<p>Prostor park-\u0161ume se iz decenije u deceniju smanjuje. Pogotovo po rubnim djelovima Gorica haoti\u010dno gubi hektare autohtone povr\u0161ine. U posljednjih 6 godina teren pod \u0161umom se smananjio za oko 35 %, a posebno u dva velika po\u017eara: 2010. (zagori\u010dka padina) i 2012. godine (isto\u010dna padina).<\/p>\n<p>Rekreativna zona, na ulazu u Park-\u0161umu, sa tri teniska terena, pretvorena je jo\u0161 2008. godine u divlji parking, a izmjenama i dopunama DUP-a \u201cNova Varo\u0161 2\u201c, \u201czabetoniran&#8221; je dio brda prema centru grada. Na nekim mjestima su \u00a0otkinuti djelovi brda kako bi se napravio prostor za bezli\u010dne betonske spavaonice.<\/p>\n<p><em><strong>\u00a0\u201cUdru\u017eenje ljubitelja Gorice i prirode\u201d<\/strong><\/em> je odmah nakon uspje\u0161no realizovane akcije \u201cNe tunel kroz Goricu!\u201d po\u010detkom 2014. godine, po\u010delo sa organizovanjem redovnih, jednonedjeljnih, gra\u0111anskih akcija \u010di\u0161\u0107enja, po\u0161umljavanja i za\u0161tite terena Gorice.<\/p>\n<p>Do sada je evidentirano u\u010de\u0161\u0107e blizu 1200 gra\u0111ana Podgorice: od djece pred\u0161kolskog uzrasta, u\u010denika osnovnih i srednjih \u0161kola, studenata preko predstavnika sportskih i privrednih kolektiva do rekreativaca i penzionera.<\/p>\n<p>Uklanjamo vi\u0161ak biljnog otpada koji gu\u0161i teren park-\u0161ume i tako, \u010diste\u0107i povr\u0161inu, obezbje\u0111ujemo prostor za rast novih stabala. Priroda park-\u0161ume je takva da uvijek ima oborenih i osu\u0161enih stabala i granja koje treba iznijeti iz \u0161ume. Ujedno smanjujemo rizik od po\u017eara jer je taj biljni otpad glavno \u201cgorivo\u201d za nastanak i \u0161irenje po\u017eara. Goricu po\u0161umljavamo isklju\u010divo autohtonim biljnim vrstama.<\/p>\n<p><strong><em>U subotu, 2. aprila organizujemo 90. akciju prolje\u0107nog sre\u0111ivanja Gorice. Meteokarte najavljuju sun\u010danu i prijatnu subotu a u\u010de\u0161\u0107e su najavili na\u0161i dragi prijatelji iz izvi\u0111a\u010dkog odreda &#8220;Njego\u0161&#8221;, \u010dlanovi srednjo\u0161kolskih volonterskih klubova, ljubitelji prirode.. <\/em><\/strong><\/p>\n<p><strong><em>Glavna kapija u 10 \u010dasova. O\u010dekujemo vas!<\/em><\/strong><\/p>\n<p>Autor teksta: Zoran Bojovi\u0107<\/p>\n","protected":false},"excerpt":{"rendered":"<p>&nbsp; Park &#8211; \u0161uma, brdo Gorica je prostor od izuzetnog zna\u010daja za gra\u0111ane Podgorice. Pored najstarijeg vjerskog objekta u gradu, Crkve Sv. \u0110or\u0111a iz X vijeka i spomenika Partizanu borcu, brdo po kojem je grad dobio ime, sa visinom od 131 metra nadmorske visine, predstavlja i dominantnu strukturu nad okolnim terenom. Stapanjem stijenskog masiva brda [&hellip;]<\/p>\n","protected":false},"author":11,"featured_media":1000,"comment_status":"open","ping_status":"open","sticky":false,"template":"","format":"standard","meta":{"_et_pb_use_builder":"","_et_pb_old_content":"","_et_gb_content_width":"","_jetpack_memberships_contains_paid_content":false,"footnotes":""},"categories":[10],"tags":[],"class_list":["post-999","post","type-post","status-publish","format-standard","has-post-thumbnail","hentry","category-aktuelno","et-has-post-format-content","et_post_format-et-post-format-standard"],"jetpack_featured_media_url":"http:\/\/nasedoba.me\/wp-content\/uploads\/2016\/04\/gorica1.jpg","jetpack_sharing_enabled":true,"_links":{"self":[{"href":"http:\/\/nasedoba.me\/index.php?rest_route=\/wp\/v2\/posts\/999","targetHints":{"allow":["GET"]}}],"collection":[{"href":"http:\/\/nasedoba.me\/index.php?rest_route=\/wp\/v2\/posts"}],"about":[{"href":"http:\/\/nasedoba.me\/index.php?rest_route=\/wp\/v2\/types\/post"}],"author":[{"embeddable":true,"href":"http:\/\/nasedoba.me\/index.php?rest_route=\/wp\/v2\/users\/11"}],"replies":[{"embeddable":true,"href":"http:\/\/nasedoba.me\/index.php?rest_route=%2Fwp%2Fv2%2Fcomments&post=999"}],"version-history":[{"count":3,"href":"http:\/\/nasedoba.me\/index.php?rest_route=\/wp\/v2\/posts\/999\/revisions"}],"predecessor-version":[{"id":1004,"href":"http:\/\/nasedoba.me\/index.php?rest_route=\/wp\/v2\/posts\/999\/revisions\/1004"}],"wp:featuredmedia":[{"embeddable":true,"href":"http:\/\/nasedoba.me\/index.php?rest_route=\/wp\/v2\/media\/1000"}],"wp:attachment":[{"href":"http:\/\/nasedoba.me\/index.php?rest_route=%2Fwp%2Fv2%2Fmedia&parent=999"}],"wp:term":[{"taxonomy":"category","embeddable":true,"href":"http:\/\/nasedoba.me\/index.php?rest_route=%2Fwp%2Fv2%2Fcategories&post=999"},{"taxonomy":"post_tag","embeddable":true,"href":"http:\/\/nasedoba.me\/index.php?rest_route=%2Fwp%2Fv2%2Ftags&post=999"}],"curies":[{"name":"wp","href":"https:\/\/api.w.org\/{rel}","templated":true}]}}