{"id":956,"date":"2016-03-23T12:44:20","date_gmt":"2016-03-23T12:44:20","guid":{"rendered":"http:\/\/nasedoba.me\/?p=956"},"modified":"2016-03-23T19:26:34","modified_gmt":"2016-03-23T19:26:34","slug":"predstavljanje-romana-doba-mjedi-slobodana-snajdera","status":"publish","type":"post","link":"http:\/\/nasedoba.me\/?p=956","title":{"rendered":"Predstavljanje romana &#8220;Doba mjedi&#8221; Slobodana \u0160najdera"},"content":{"rendered":"<p>Narodna biblioteka \u201eRadosav Ljumovi\u0107\u201c u Podgorici \u00a0organizuje predstavljanje romana &#8220;Doba mjedi&#8221; autora Slobodana \u0160najdera.<\/p>\n<p>Promocija \u00a0\u0107e biti odr\u017eana u Kosoj sali biblioteke 24. marta u 19 \u010dasova.<\/p>\n<p>O romanu \u0107e pored autora govoriti \u00a0Ha\u0161im \u00a0Bahtijari &#8211; izdava\u010d TIM press iz \u00a0Zagreba i moderatorka\u00a0Jovanka Kova\u010devi\u0107 \u0110uranovi\u0107.<\/p>\n<p>Muzi\u010dki dio &#8211;\u00a0\u00a0Bogdan Asanovi\u0107, violon\u010delo.<\/p>\n<p>&nbsp;<\/p>\n<p>Izvor i foto:<em>\u00a0<a href=\"http:\/\/www.cdm.me\/node\/412722\">CDM<\/a><\/em><\/p>\n","protected":false},"excerpt":{"rendered":"<p>Narodna biblioteka \u201eRadosav Ljumovi\u0107\u201c u Podgorici \u00a0organizuje predstavljanje romana &#8220;Doba mjedi&#8221; autora Slobodana \u0160najdera. Promocija \u00a0\u0107e biti odr\u017eana u Kosoj sali biblioteke 24. marta u 19 \u010dasova. O romanu \u0107e pored autora govoriti \u00a0Ha\u0161im \u00a0Bahtijari &#8211; izdava\u010d TIM press iz \u00a0Zagreba i moderatorka\u00a0Jovanka Kova\u010devi\u0107 \u0110uranovi\u0107. Muzi\u010dki dio &#8211;\u00a0\u00a0Bogdan Asanovi\u0107, violon\u010delo. &nbsp; Izvor i foto:\u00a0CDM<\/p>\n","protected":false},"author":11,"featured_media":957,"comment_status":"open","ping_status":"open","sticky":false,"template":"","format":"standard","meta":{"_et_pb_use_builder":"","_et_pb_old_content":"","_et_gb_content_width":"","_jetpack_memberships_contains_paid_content":false,"footnotes":""},"categories":[10],"tags":[],"class_list":["post-956","post","type-post","status-publish","format-standard","has-post-thumbnail","hentry","category-aktuelno","et-has-post-format-content","et_post_format-et-post-format-standard"],"jetpack_featured_media_url":"http:\/\/nasedoba.me\/wp-content\/uploads\/2016\/03\/slobodan-snajder-e1458759271124.jpg","jetpack_sharing_enabled":true,"_links":{"self":[{"href":"http:\/\/nasedoba.me\/index.php?rest_route=\/wp\/v2\/posts\/956","targetHints":{"allow":["GET"]}}],"collection":[{"href":"http:\/\/nasedoba.me\/index.php?rest_route=\/wp\/v2\/posts"}],"about":[{"href":"http:\/\/nasedoba.me\/index.php?rest_route=\/wp\/v2\/types\/post"}],"author":[{"embeddable":true,"href":"http:\/\/nasedoba.me\/index.php?rest_route=\/wp\/v2\/users\/11"}],"replies":[{"embeddable":true,"href":"http:\/\/nasedoba.me\/index.php?rest_route=%2Fwp%2Fv2%2Fcomments&post=956"}],"version-history":[{"count":2,"href":"http:\/\/nasedoba.me\/index.php?rest_route=\/wp\/v2\/posts\/956\/revisions"}],"predecessor-version":[{"id":959,"href":"http:\/\/nasedoba.me\/index.php?rest_route=\/wp\/v2\/posts\/956\/revisions\/959"}],"wp:featuredmedia":[{"embeddable":true,"href":"http:\/\/nasedoba.me\/index.php?rest_route=\/wp\/v2\/media\/957"}],"wp:attachment":[{"href":"http:\/\/nasedoba.me\/index.php?rest_route=%2Fwp%2Fv2%2Fmedia&parent=956"}],"wp:term":[{"taxonomy":"category","embeddable":true,"href":"http:\/\/nasedoba.me\/index.php?rest_route=%2Fwp%2Fv2%2Fcategories&post=956"},{"taxonomy":"post_tag","embeddable":true,"href":"http:\/\/nasedoba.me\/index.php?rest_route=%2Fwp%2Fv2%2Ftags&post=956"}],"curies":[{"name":"wp","href":"https:\/\/api.w.org\/{rel}","templated":true}]}}