{"id":4951,"date":"2026-03-27T09:41:43","date_gmt":"2026-03-27T09:41:43","guid":{"rendered":"http:\/\/nasedoba.me\/?p=4951"},"modified":"2026-03-27T09:48:07","modified_gmt":"2026-03-27T09:48:07","slug":"povelja-podsticaj-jacanju-drustvene-kohezije","status":"publish","type":"post","link":"http:\/\/nasedoba.me\/?p=4951","title":{"rendered":"Povelja \u2013 podsticaj ja\u010danju dru\u0161tvene kohezije"},"content":{"rendered":"\r\n<p>Na\u0161 projekat <a href=\"http:\/\/(http:\/\/nasedoba.me\/?p=4922)\">\u201eZajedno za tre\u0107e doba\u201c<\/a><strong>\u00a0 \u00a0 <\/strong>bio je jedan od 16 projekata koje je 2025. godine u pet op\u0161tina Crne Gore podr\u017eao UNDP u okviru programa \u201eZajedno za op\u0161te dobro \u2013 Ja\u010danje povjerenja gra\u0111ana u institucije i izgradnja otpornih zajednica\u201c.<\/p>\r\n<p>Radi se o procesu koji polazi od preporuka gra\u0111ana iznesenih u lokalnim dijalozima i, \u00a0me\u0111u ostalim, rezultira\u00a0 dono\u0161enjem Povelje o dru\u0161tvenoj koheziji u lokalnoj zajednici (Ulcinj, Bar, Bijelo Polje, Pljevlja i Podgorica). Povelja podrazumijeva zajedni\u010dko djelovanje svih dru\u0161tvenih aktera \u2013 lokalne vlasti, javnih ustanova, civilnog i privrednog sektora i gra\u0111ana.<\/p>\r\n<p>Vezano za na\u0161e u\u010de\u0161\u0107e u programu \u201eZajedno za op\u0161te dobro\u201d dobili smo od UNDP-a sljede\u0107e obavje\u0161tenje o Podgori\u010dkoj povelji:<\/p>\r\n<p>&nbsp;<\/p>\r\n<p>Drage u\u010desnice i u\u010desnici Podgori\u010dkog dijaloga \u201eZajednica pokre\u0107e promjene\u201c,<\/p>\r\n<p>Nadam se da ste dobro.<\/p>\r\n<p>Kao \u0161to vam je poznato, tokom dvodnevnog dijaloga, odr\u017eanog u decembru 2024. godine, u hotelu Crowne Plaza u Podgorici,\u00a0aktivno ste u\u010destvovali u inkluzivnom procesu u kojem ste zajedni\u010dki definisali klju\u010dne prioritete i izazove u zajednici, ali i predlo\u017eili konkretne ideje za njihovo prevazila\u017eenje, uz organizacionu podr\u0161ku UNDP-a i programa \u201eZajedno za op\u0161te dobro\u201c. Tada smo naglasili da ovaj proces ne\u0107e ostati samo na dijalogu.<\/p>\r\n<p>U narednoj fazi podr\u017eali smo tri inicijative iz Podgorice kako bi svoje ideje sproveli u djelo:<\/p>\r\n<ul>\r\n<li><strong>\u201eZajedno za tre\u0107e doba\u201c<\/strong>\u00a0\u2013 <a href=\"https:\/\/www.opstedobro.me\/novosti\/49-podgorica-i-po-mjeri-starijih-glas-starijih-sugradana-i-sugradanki-u-kreiranju-politika\">NVU &#8220;Na\u0161e doba&#8221; tribine posve\u0107ene aktivnom starenju i me\u0111ugeneracijskoj solidarnosti<\/a><\/li>\r\n<li><strong>&#8220;Generacija kroz \u0161avove&#8221; &#8211; <\/strong>Unija mladih preduzetnika,\u00a0radionice upcyclinga koje spajaju mlade i starije u zajedni\u010dkom stvaranju odr\u017eive mode.<\/li>\r\n<li><strong>\u201cProzbori\u201c<\/strong> \u2013 alat i obuke za osnivanje gra\u0111anskih zborova i lak\u0161e u\u010de\u0161\u0107e u lokalnom odlu\u010divanju<\/li>\r\n<\/ul>\r\n<p>Posve\u0107eni timovi iz Podgorice odgovorili su na izazove koje su prepoznali njihovi sugra\u0111ani, uz podr\u0161ku UNDP-a i Glavnog grada Podgorica.<\/p>\r\n<p>Nakon dijaloga izra\u0111ena je i\u00a0<strong>Podgori\u010dka povelja<\/strong>, koju vam dostavljamo u nastavku. Ovaj dokument, zasnovan na me\u0111unarodnim standardima ljudskih prava, sadr\u017ei konkretne mjere za unapre\u0111enje zdravstva, obrazovanja, kulture i urbane infrastrukture, kao i za ja\u010danje me\u0111uzajedni\u010dkog dijaloga, transparentnosti institucija i gra\u0111anskog aktivizma.<\/p>\r\n<p>Povelju je usvojila <a href=\"https:\/\/skupstina.podgorica.me\/wp-content\/uploads\/2025\/12\/49.-Povelja-o-drustvenoj-koheziji-Glavnog-grada-%E2%80%93-Podgorice.pdf\">Skup\u0161tina Glavnog gra<\/a><a href=\"https:\/\/skupstina.podgorica.me\/wp-content\/uploads\/2025\/12\/49.-Povelja-o-drustvenoj-koheziji-Glavnog-grada-%E2%80%93-Podgorice.pdf\">da Podgorica u decembru 2025. godine, \u010dime je dokument i formalizovan<\/a>.\u00a0Njena implementacija je ve\u0107 zapo\u010deta, a Glavni grad \u0107e, uz podr\u0161ku UNDP-a, u narednom periodu realizovati dodatne aktivnosti predvi\u0111ene Poveljom.<\/p>\r\n<p>Vjerujemo da smo zajedni\u010dkim radom napravili va\u017ean korak ka ja\u010danju povjerenja gra\u0111ana u institucije i izgradnji otpornijih zajednica \u2013 \u0161to je i osnovni cilj programa \u201eZajedno za op\u0161te dobro\u201c.<\/p>\r\n<p>Program \u201eZajedno za op\u0161te dobro \u2013 Ja\u010danje povjerenja gra\u0111ana u institucije i izgradnja otpornih zajednica\u201c sprovode UNDP, UNICEF i UNESCO u partnerstvu sa Vladom Crne Gore.Program se sprovodio u Ulcinju, Baru, Bijelom Polju, Pljevljima i Podgorici, a finansira ga Fond Ujedinjenih nacija za izgradnju mira.<\/p>\r\n<p>Zahvaljujemo vam na posve\u0107enosti, energiji i inspirativnom doprinosu \u2013 va\u0161 anga\u017eman bio je klju\u010dan za pokretanje konkretnih promjena u zajednici!<\/p>\r\n<p>Pozivamo vas da i dalje radite za op\u0161te dobro, a nastavak procesa mo\u017eete pratiti i na na\u0161oj platformi\u00a0<a href=\"https:\/\/www.opstedobro.me\/\">https:\/\/www.opstedobro.me\/<\/a>\u00a0\u00a0<\/p>\r\n<p>Srda\u010dno,<\/p>\r\n<p>mr Nina Perunovi\u0107,<\/p>\r\n<p>UNDP konsultantkinja<\/p>\r\n<p>&nbsp;<\/p>\r\n","protected":false},"excerpt":{"rendered":"<p>Na\u0161 projekat \u201eZajedno za tre\u0107e doba\u201c\u00a0 \u00a0 bio je jedan od 16 projekata koje je 2025. godine u pet op\u0161tina Crne Gore podr\u017eao UNDP u okviru programa \u201eZajedno za op\u0161te dobro \u2013 Ja\u010danje povjerenja gra\u0111ana u institucije i izgradnja otpornih zajednica\u201c. Radi se o procesu koji polazi od preporuka gra\u0111ana iznesenih u lokalnim dijalozima i, [&hellip;]<\/p>\n","protected":false},"author":6,"featured_media":0,"comment_status":"open","ping_status":"open","sticky":false,"template":"","format":"standard","meta":{"_et_pb_use_builder":"","_et_pb_old_content":"","_et_gb_content_width":"","_jetpack_memberships_contains_paid_content":false,"footnotes":""},"categories":[10],"tags":[],"class_list":["post-4951","post","type-post","status-publish","format-standard","hentry","category-aktuelno","et-doesnt-have-format-content","et_post_format-et-post-format-standard"],"jetpack_featured_media_url":"","jetpack_sharing_enabled":true,"_links":{"self":[{"href":"http:\/\/nasedoba.me\/index.php?rest_route=\/wp\/v2\/posts\/4951","targetHints":{"allow":["GET"]}}],"collection":[{"href":"http:\/\/nasedoba.me\/index.php?rest_route=\/wp\/v2\/posts"}],"about":[{"href":"http:\/\/nasedoba.me\/index.php?rest_route=\/wp\/v2\/types\/post"}],"author":[{"embeddable":true,"href":"http:\/\/nasedoba.me\/index.php?rest_route=\/wp\/v2\/users\/6"}],"replies":[{"embeddable":true,"href":"http:\/\/nasedoba.me\/index.php?rest_route=%2Fwp%2Fv2%2Fcomments&post=4951"}],"version-history":[{"count":2,"href":"http:\/\/nasedoba.me\/index.php?rest_route=\/wp\/v2\/posts\/4951\/revisions"}],"predecessor-version":[{"id":4957,"href":"http:\/\/nasedoba.me\/index.php?rest_route=\/wp\/v2\/posts\/4951\/revisions\/4957"}],"wp:attachment":[{"href":"http:\/\/nasedoba.me\/index.php?rest_route=%2Fwp%2Fv2%2Fmedia&parent=4951"}],"wp:term":[{"taxonomy":"category","embeddable":true,"href":"http:\/\/nasedoba.me\/index.php?rest_route=%2Fwp%2Fv2%2Fcategories&post=4951"},{"taxonomy":"post_tag","embeddable":true,"href":"http:\/\/nasedoba.me\/index.php?rest_route=%2Fwp%2Fv2%2Ftags&post=4951"}],"curies":[{"name":"wp","href":"https:\/\/api.w.org\/{rel}","templated":true}]}}