{"id":4580,"date":"2023-11-05T23:33:18","date_gmt":"2023-11-05T23:33:18","guid":{"rendered":"http:\/\/nasedoba.me\/?p=4580"},"modified":"2023-11-05T23:33:46","modified_gmt":"2023-11-05T23:33:46","slug":"mape-uma-za-bolje-pamcenje","status":"publish","type":"post","link":"http:\/\/nasedoba.me\/?p=4580","title":{"rendered":"Mape uma za bolje pam\u0107enje"},"content":{"rendered":"\r\n<p><a href=\"http:\/\/nasedoba.me\/?attachment_id=4588\" rel=\"attachment wp-att-4588\"><img loading=\"lazy\" decoding=\"async\" class=\"alignleft size-large wp-image-4588\" src=\"http:\/\/nasedoba.me\/wp-content\/uploads\/2023\/11\/23-11-03-Djina-rad-svi-scaled-e1699227086704-1024x406.jpg\" alt=\"\" width=\"1024\" height=\"406\" srcset=\"http:\/\/nasedoba.me\/wp-content\/uploads\/2023\/11\/23-11-03-Djina-rad-svi-scaled-e1699227086704-1024x406.jpg 1024w, http:\/\/nasedoba.me\/wp-content\/uploads\/2023\/11\/23-11-03-Djina-rad-svi-scaled-e1699227086704-300x119.jpg 300w, http:\/\/nasedoba.me\/wp-content\/uploads\/2023\/11\/23-11-03-Djina-rad-svi-scaled-e1699227086704-1536x609.jpg 1536w, http:\/\/nasedoba.me\/wp-content\/uploads\/2023\/11\/23-11-03-Djina-rad-svi-scaled-e1699227086704-2048x812.jpg 2048w, http:\/\/nasedoba.me\/wp-content\/uploads\/2023\/11\/23-11-03-Djina-rad-svi-scaled-e1699227086704-1080x428.jpg 1080w\" sizes=\"auto, (max-width: 1024px) 100vw, 1024px\" \/><\/a><\/p>\r\n<p>Prema planu aktivnosti Centra za aktivno starenje u po\u010detnom periodu djelovanja, \u010dlanovi Na\u0161eg doba osmisli\u0107e i realizovati radionice na teme za koje su kompetentni i koje mogu biti zanimljive korisnicima. Zami\u0161ljeno je da to budu me\u0111ugeneracijske aktivnosti i da se odvijaju svake sedmice, petkom. <br \/>Prvu takvu radionicu odr\u017eala je \u0110ina Marku\u0161 3.\u00a0 novembra 2023. na temu \u201cMape uma\u201d. Mapa uma je vizuelni prikaz nekog sadr\u017eaja koji olak\u0161ava pam\u0107enje u u\u010denje i svako je kreira na svoj na\u010din. Crtanje mape uma aktivira obje strane mozga i ve\u0107 u toj fazi po\u010dinje memorisanje odabranog sadr\u017eaja na pr. \u0161kolske lekcije. Ovom prilikom polaznici radionice predstavili su pri\u010du o golubu pismono\u0161i na mapama uma.<\/p>\r\n","protected":false},"excerpt":{"rendered":"<p>Prema planu aktivnosti Centra za aktivno starenje u po\u010detnom periodu djelovanja, \u010dlanovi Na\u0161eg doba osmisli\u0107e i realizovati radionice na teme za koje su kompetentni i koje mogu biti zanimljive korisnicima. Zami\u0161ljeno je da to budu me\u0111ugeneracijske aktivnosti i da se odvijaju svake sedmice, petkom. Prvu takvu radionicu odr\u017eala je \u0110ina Marku\u0161 3.\u00a0 novembra 2023. na [&hellip;]<\/p>\n","protected":false},"author":6,"featured_media":0,"comment_status":"open","ping_status":"open","sticky":false,"template":"","format":"standard","meta":{"_et_pb_use_builder":"","_et_pb_old_content":"","_et_gb_content_width":"","_jetpack_memberships_contains_paid_content":false,"footnotes":""},"categories":[20],"tags":[],"class_list":["post-4580","post","type-post","status-publish","format-standard","hentry","category-nase-aktivnosti","et-doesnt-have-format-content","et_post_format-et-post-format-standard"],"jetpack_featured_media_url":"","jetpack_sharing_enabled":true,"_links":{"self":[{"href":"http:\/\/nasedoba.me\/index.php?rest_route=\/wp\/v2\/posts\/4580","targetHints":{"allow":["GET"]}}],"collection":[{"href":"http:\/\/nasedoba.me\/index.php?rest_route=\/wp\/v2\/posts"}],"about":[{"href":"http:\/\/nasedoba.me\/index.php?rest_route=\/wp\/v2\/types\/post"}],"author":[{"embeddable":true,"href":"http:\/\/nasedoba.me\/index.php?rest_route=\/wp\/v2\/users\/6"}],"replies":[{"embeddable":true,"href":"http:\/\/nasedoba.me\/index.php?rest_route=%2Fwp%2Fv2%2Fcomments&post=4580"}],"version-history":[{"count":2,"href":"http:\/\/nasedoba.me\/index.php?rest_route=\/wp\/v2\/posts\/4580\/revisions"}],"predecessor-version":[{"id":4589,"href":"http:\/\/nasedoba.me\/index.php?rest_route=\/wp\/v2\/posts\/4580\/revisions\/4589"}],"wp:attachment":[{"href":"http:\/\/nasedoba.me\/index.php?rest_route=%2Fwp%2Fv2%2Fmedia&parent=4580"}],"wp:term":[{"taxonomy":"category","embeddable":true,"href":"http:\/\/nasedoba.me\/index.php?rest_route=%2Fwp%2Fv2%2Fcategories&post=4580"},{"taxonomy":"post_tag","embeddable":true,"href":"http:\/\/nasedoba.me\/index.php?rest_route=%2Fwp%2Fv2%2Ftags&post=4580"}],"curies":[{"name":"wp","href":"https:\/\/api.w.org\/{rel}","templated":true}]}}