{"id":4439,"date":"2023-03-28T18:51:46","date_gmt":"2023-03-28T18:51:46","guid":{"rendered":"http:\/\/nasedoba.me\/?p=4439"},"modified":"2023-04-21T18:34:32","modified_gmt":"2023-04-21T18:34:32","slug":"svima-za-uzor-zene-bara","status":"publish","type":"post","link":"http:\/\/nasedoba.me\/?p=4439","title":{"rendered":"Svima za uzor  \u017dene Bara"},"content":{"rendered":"\r\n<p><a href=\"http:\/\/nasedoba.me\/?attachment_id=4446\" rel=\"attachment wp-att-4446\"><img loading=\"lazy\" decoding=\"async\" class=\"aligncenter size-full wp-image-4446\" src=\"http:\/\/nasedoba.me\/wp-content\/uploads\/2023\/03\/svi.jpg\" alt=\"\" width=\"1600\" height=\"888\" srcset=\"http:\/\/nasedoba.me\/wp-content\/uploads\/2023\/03\/svi.jpg 1600w, http:\/\/nasedoba.me\/wp-content\/uploads\/2023\/03\/svi-300x167.jpg 300w, http:\/\/nasedoba.me\/wp-content\/uploads\/2023\/03\/svi-1024x568.jpg 1024w, http:\/\/nasedoba.me\/wp-content\/uploads\/2023\/03\/svi-1536x852.jpg 1536w, http:\/\/nasedoba.me\/wp-content\/uploads\/2023\/03\/svi-1080x599.jpg 1080w\" sizes=\"auto, (max-width: 1600px) 100vw, 1600px\" \/><\/a><\/p>\r\n<p>Drugi okrugli sto, u okviru projekta \u201cVje\u0161tine za na\u0161e doba\u201d, na temu Zna\u010daj aktivnog starenja \u2013 mogu\u0107nosti i perspektive u Crnoj Gori odr\u017ean je 24. marta 2023. u Tivtu za u\u010desnike iz primorskih op\u0161tina.U ime doma\u0107ina \u2013 Op\u0161tine Tivat, u \u010dijoj sali je odr\u017ean skup, u\u010desnike je pozdravio potpredsjednik Op\u0161tine dr Andrija Petkovi\u0107.<br \/>Ljiljana Gari\u0107 iz Centra za stru\u010dno obrazovanje, koji je partner u projektu \u201cVje\u0161tine za na\u0161e doba\u201d, govorila je o zna\u010daju aktivnog starenja za pojedinca i dru\u0161tvo. Sa samim projektom i dosada\u0161njim aktivnostima NVU Na\u0161e doba prisutne je upoznala Vesna Laku\u0161, a Vesna Ratkovi\u0107 je predstavila primjere dobre prakse za aktivno starenje iz Slovenije i Srbije. <br \/>U radu okruglog stola u\u010destvovale su predstavnice op\u0161tina Tivat i Kotor, \u010dlanice nevladinih organizacija iz Tivta, Bara i Budve te predstavnice Crvenog krsta Crne Gore i Op\u0161tinske organizacije Tivat.<br \/>Posebno su zanimljiva bila iskustva organizacije \u017dene Bara koje imaju obimbne aktivnosti u pomaganju nesna\u0111enim sugra\u0111anima i u tome dobijaju podr\u0161ku brojnih pojedinaca i zajednice. Mnoge od njih su penzionerke i to vrlo aktivne i anga\u017eovane u dru\u0161tvu.<br \/>Projekat \u201cVje\u0161tine za na\u0161e doba\u201d realizujemo zahvaljuju\u0107i podr\u0161ci Crvenog krsta i evropskih fondova u okviru regionalnog programa \u201dJa\u010danje otpornosti starijih osoba i osoba sa invaliditetom tokom COVID 19 i budu\u0107ih katastrofa\u201d.<\/p>\r\n<p><a href=\"http:\/\/nasedoba.me\/?attachment_id=4445\" rel=\"attachment wp-att-4445\"><img loading=\"lazy\" decoding=\"async\" class=\"aligncenter size-full wp-image-4445\" src=\"http:\/\/nasedoba.me\/wp-content\/uploads\/2023\/03\/publika.jpg\" alt=\"\" width=\"1499\" height=\"1112\" srcset=\"http:\/\/nasedoba.me\/wp-content\/uploads\/2023\/03\/publika.jpg 1499w, http:\/\/nasedoba.me\/wp-content\/uploads\/2023\/03\/publika-300x223.jpg 300w, http:\/\/nasedoba.me\/wp-content\/uploads\/2023\/03\/publika-1024x760.jpg 1024w, http:\/\/nasedoba.me\/wp-content\/uploads\/2023\/03\/publika-1080x801.jpg 1080w\" sizes=\"auto, (max-width: 1499px) 100vw, 1499px\" \/><\/a><\/p>\r\n","protected":false},"excerpt":{"rendered":"<p>Drugi okrugli sto, u okviru projekta \u201cVje\u0161tine za na\u0161e doba\u201d, na temu Zna\u010daj aktivnog starenja \u2013 mogu\u0107nosti i perspektive u Crnoj Gori odr\u017ean je 24. marta 2023. u Tivtu za u\u010desnike iz primorskih op\u0161tina.U ime doma\u0107ina \u2013 Op\u0161tine Tivat, u \u010dijoj sali je odr\u017ean skup, u\u010desnike je pozdravio potpredsjednik Op\u0161tine dr Andrija Petkovi\u0107.Ljiljana Gari\u0107 iz [&hellip;]<\/p>\n","protected":false},"author":6,"featured_media":4445,"comment_status":"open","ping_status":"open","sticky":false,"template":"","format":"standard","meta":{"_et_pb_use_builder":"","_et_pb_old_content":"","_et_gb_content_width":"","_jetpack_memberships_contains_paid_content":false,"footnotes":""},"categories":[20],"tags":[],"class_list":["post-4439","post","type-post","status-publish","format-standard","has-post-thumbnail","hentry","category-nase-aktivnosti","et-has-post-format-content","et_post_format-et-post-format-standard"],"jetpack_featured_media_url":"http:\/\/nasedoba.me\/wp-content\/uploads\/2023\/03\/publika.jpg","jetpack_sharing_enabled":true,"_links":{"self":[{"href":"http:\/\/nasedoba.me\/index.php?rest_route=\/wp\/v2\/posts\/4439","targetHints":{"allow":["GET"]}}],"collection":[{"href":"http:\/\/nasedoba.me\/index.php?rest_route=\/wp\/v2\/posts"}],"about":[{"href":"http:\/\/nasedoba.me\/index.php?rest_route=\/wp\/v2\/types\/post"}],"author":[{"embeddable":true,"href":"http:\/\/nasedoba.me\/index.php?rest_route=\/wp\/v2\/users\/6"}],"replies":[{"embeddable":true,"href":"http:\/\/nasedoba.me\/index.php?rest_route=%2Fwp%2Fv2%2Fcomments&post=4439"}],"version-history":[{"count":2,"href":"http:\/\/nasedoba.me\/index.php?rest_route=\/wp\/v2\/posts\/4439\/revisions"}],"predecessor-version":[{"id":4447,"href":"http:\/\/nasedoba.me\/index.php?rest_route=\/wp\/v2\/posts\/4439\/revisions\/4447"}],"wp:featuredmedia":[{"embeddable":true,"href":"http:\/\/nasedoba.me\/index.php?rest_route=\/wp\/v2\/media\/4445"}],"wp:attachment":[{"href":"http:\/\/nasedoba.me\/index.php?rest_route=%2Fwp%2Fv2%2Fmedia&parent=4439"}],"wp:term":[{"taxonomy":"category","embeddable":true,"href":"http:\/\/nasedoba.me\/index.php?rest_route=%2Fwp%2Fv2%2Fcategories&post=4439"},{"taxonomy":"post_tag","embeddable":true,"href":"http:\/\/nasedoba.me\/index.php?rest_route=%2Fwp%2Fv2%2Ftags&post=4439"}],"curies":[{"name":"wp","href":"https:\/\/api.w.org\/{rel}","templated":true}]}}