{"id":3692,"date":"2020-01-10T20:29:48","date_gmt":"2020-01-10T20:29:48","guid":{"rendered":"http:\/\/nasedoba.me\/?p=3692"},"modified":"2020-01-10T20:29:48","modified_gmt":"2020-01-10T20:29:48","slug":"suve-grane-samljevene-na-licu-mjesta","status":"publish","type":"post","link":"http:\/\/nasedoba.me\/?p=3692","title":{"rendered":"Suve grane samljevene na licu mjesta"},"content":{"rendered":"<p>Udru\u017eenja ljubitelja Gorice i prirode od jeseni 2019. godine povemeno organzuje volonterske akcije u kojima u\u010destvuju i druge organizacije. Prilika za na\u0161e u\u010de\u0161\u0107e bila je jubilarna dvjestota akcija 29. decembra.<\/p>\n<p>Na brdu kod zagori\u010dke kapije iznijeli smo krupniji biljni otpad iz \u0161ume do puta, gdje ga je ma\u0161ina usitnila. Ve\u0107ina akcija\u0161a bili su srednjo\u0161kolci, a stru\u010dni posao odradili su radnici \u201eZelenila&#8221; i \u201e\u010cisto\u0107e&#8221;.<\/p>\n<p>foto: Zoran Bojovi\u0107<\/p>\n","protected":false},"excerpt":{"rendered":"<p>Udru\u017eenja ljubitelja Gorice i prirode od jeseni 2019. godine povemeno organzuje volonterske akcije u kojima u\u010destvuju i druge organizacije. Prilika za na\u0161e u\u010de\u0161\u0107e bila je jubilarna dvjestota akcija 29. decembra. Na brdu kod zagori\u010dke kapije iznijeli smo krupniji biljni otpad iz \u0161ume do puta, gdje ga je ma\u0161ina usitnila. Ve\u0107ina akcija\u0161a bili su srednjo\u0161kolci, a [&hellip;]<\/p>\n","protected":false},"author":6,"featured_media":3701,"comment_status":"open","ping_status":"open","sticky":false,"template":"","format":"standard","meta":{"_et_pb_use_builder":"","_et_pb_old_content":"","_et_gb_content_width":"","_jetpack_memberships_contains_paid_content":false,"footnotes":""},"categories":[20],"tags":[],"class_list":["post-3692","post","type-post","status-publish","format-standard","has-post-thumbnail","hentry","category-nase-aktivnosti","et-has-post-format-content","et_post_format-et-post-format-standard"],"jetpack_featured_media_url":"http:\/\/nasedoba.me\/wp-content\/uploads\/2020\/01\/19-12-29-akcijacisc-200-e1578421442659.jpg","jetpack_sharing_enabled":true,"_links":{"self":[{"href":"http:\/\/nasedoba.me\/index.php?rest_route=\/wp\/v2\/posts\/3692","targetHints":{"allow":["GET"]}}],"collection":[{"href":"http:\/\/nasedoba.me\/index.php?rest_route=\/wp\/v2\/posts"}],"about":[{"href":"http:\/\/nasedoba.me\/index.php?rest_route=\/wp\/v2\/types\/post"}],"author":[{"embeddable":true,"href":"http:\/\/nasedoba.me\/index.php?rest_route=\/wp\/v2\/users\/6"}],"replies":[{"embeddable":true,"href":"http:\/\/nasedoba.me\/index.php?rest_route=%2Fwp%2Fv2%2Fcomments&post=3692"}],"version-history":[{"count":3,"href":"http:\/\/nasedoba.me\/index.php?rest_route=\/wp\/v2\/posts\/3692\/revisions"}],"predecessor-version":[{"id":3705,"href":"http:\/\/nasedoba.me\/index.php?rest_route=\/wp\/v2\/posts\/3692\/revisions\/3705"}],"wp:featuredmedia":[{"embeddable":true,"href":"http:\/\/nasedoba.me\/index.php?rest_route=\/wp\/v2\/media\/3701"}],"wp:attachment":[{"href":"http:\/\/nasedoba.me\/index.php?rest_route=%2Fwp%2Fv2%2Fmedia&parent=3692"}],"wp:term":[{"taxonomy":"category","embeddable":true,"href":"http:\/\/nasedoba.me\/index.php?rest_route=%2Fwp%2Fv2%2Fcategories&post=3692"},{"taxonomy":"post_tag","embeddable":true,"href":"http:\/\/nasedoba.me\/index.php?rest_route=%2Fwp%2Fv2%2Ftags&post=3692"}],"curies":[{"name":"wp","href":"https:\/\/api.w.org\/{rel}","templated":true}]}}