{"id":3501,"date":"2019-03-13T14:05:17","date_gmt":"2019-03-13T14:05:17","guid":{"rendered":"http:\/\/nasedoba.me\/?p=3501"},"modified":"2019-03-13T14:06:50","modified_gmt":"2019-03-13T14:06:50","slug":"mjerenje-ocnog-pritiska-bez-uputa-zakazivanja","status":"publish","type":"post","link":"http:\/\/nasedoba.me\/?p=3501","title":{"rendered":"Mjerenje o\u010dnog pritiska bez uputa i zakazivanja"},"content":{"rendered":"<p style=\"text-align: justify;\"><span style=\"font-size: 12pt;\">Klini\u010dki centar Crne Gore, povodom Svjetske nedjelje borbe protiv glaukoma koja se obilje\u017eava od 10. do 16. marta, u petak organizuje akciju na Klinici za o\u010dne bolesti <em>\u201eCrna Gora mjeri o\u010dni pritisak\u201c<\/em>.<\/span><\/p>\n<div class=\"code-block code-block-8\" style=\"text-align: justify;\"><span style=\"font-size: 12pt;\">Kako isti\u010du u KC, tim povodom od devet do 14 \u010dasova u ambulanti Klinike za o\u010dne bolesti (Poliklinika,\u00a0I sprat), za 60 zainteresovanih gra\u0111ana starijih od 40 godina, oftalmolozi \u0107e mjeriti o\u010dni pritisak bez zakazivanja kod izabranog doktora i bez uputa.<\/span><\/div>\n<div class=\"code-block code-block-13\" style=\"text-align: justify;\"><span style=\"font-size: 12pt;\">\u00a0<\/span><\/div>\n<div class=\"code-block code-block-13\" style=\"text-align: justify;\"><span style=\"font-size: 12pt;\">\u201cGra\u0111ani koji \u017eele da provjere o\u010dni pritisak tog dana, treba da se prijave u \u010detvrtak (14. marta) u terminu od\u00a09 do 12 \u010dasova pozivanjem specijalisti\u010dke ambulante za oftalmologiju u Klini\u010dkom centru Crne Gore na broj <strong>020 412 265<\/strong>\u201d, rekli su u toj zdravstvenoj ustanovi.<\/span><\/div>\n<p style=\"text-align: justify;\"><span style=\"font-size: 12pt;\">Izvor i foto:\u00a0<a href=\"https:\/\/www.cdm.me\/drustvo\/mjerenje-ocnog-pritiska-bez-uputa-i-zakazivanja-u-petak-u-klinickom-centru\/\">CDM<\/a><\/span><\/p>\n","protected":false},"excerpt":{"rendered":"<p>Klini\u010dki centar Crne Gore, povodom Svjetske nedjelje borbe protiv glaukoma koja se obilje\u017eava od 10. do 16. marta, u petak organizuje akciju na Klinici za o\u010dne bolesti \u201eCrna Gora mjeri o\u010dni pritisak\u201c. Kako isti\u010du u KC, tim povodom od devet do 14 \u010dasova u ambulanti Klinike za o\u010dne bolesti (Poliklinika,\u00a0I sprat), za 60 zainteresovanih gra\u0111ana [&hellip;]<\/p>\n","protected":false},"author":11,"featured_media":3502,"comment_status":"open","ping_status":"open","sticky":false,"template":"","format":"standard","meta":{"_et_pb_use_builder":"","_et_pb_old_content":"","_et_gb_content_width":"","_jetpack_memberships_contains_paid_content":false,"footnotes":""},"categories":[10],"tags":[],"class_list":["post-3501","post","type-post","status-publish","format-standard","has-post-thumbnail","hentry","category-aktuelno","et-has-post-format-content","et_post_format-et-post-format-standard"],"jetpack_featured_media_url":"http:\/\/nasedoba.me\/wp-content\/uploads\/2019\/03\/ocni-pritisak-1320x733.jpg","jetpack_sharing_enabled":true,"_links":{"self":[{"href":"http:\/\/nasedoba.me\/index.php?rest_route=\/wp\/v2\/posts\/3501","targetHints":{"allow":["GET"]}}],"collection":[{"href":"http:\/\/nasedoba.me\/index.php?rest_route=\/wp\/v2\/posts"}],"about":[{"href":"http:\/\/nasedoba.me\/index.php?rest_route=\/wp\/v2\/types\/post"}],"author":[{"embeddable":true,"href":"http:\/\/nasedoba.me\/index.php?rest_route=\/wp\/v2\/users\/11"}],"replies":[{"embeddable":true,"href":"http:\/\/nasedoba.me\/index.php?rest_route=%2Fwp%2Fv2%2Fcomments&post=3501"}],"version-history":[{"count":3,"href":"http:\/\/nasedoba.me\/index.php?rest_route=\/wp\/v2\/posts\/3501\/revisions"}],"predecessor-version":[{"id":3505,"href":"http:\/\/nasedoba.me\/index.php?rest_route=\/wp\/v2\/posts\/3501\/revisions\/3505"}],"wp:featuredmedia":[{"embeddable":true,"href":"http:\/\/nasedoba.me\/index.php?rest_route=\/wp\/v2\/media\/3502"}],"wp:attachment":[{"href":"http:\/\/nasedoba.me\/index.php?rest_route=%2Fwp%2Fv2%2Fmedia&parent=3501"}],"wp:term":[{"taxonomy":"category","embeddable":true,"href":"http:\/\/nasedoba.me\/index.php?rest_route=%2Fwp%2Fv2%2Fcategories&post=3501"},{"taxonomy":"post_tag","embeddable":true,"href":"http:\/\/nasedoba.me\/index.php?rest_route=%2Fwp%2Fv2%2Ftags&post=3501"}],"curies":[{"name":"wp","href":"https:\/\/api.w.org\/{rel}","templated":true}]}}