{"id":3375,"date":"2018-12-31T11:00:21","date_gmt":"2018-12-31T11:00:21","guid":{"rendered":"http:\/\/nasedoba.me\/?p=3375"},"modified":"2019-02-04T18:53:38","modified_gmt":"2019-02-04T18:53:38","slug":"moj-vrt-u-zelenom-srcu-grada-projekat-udruzenja-ljubitelja-gorice-prirode","status":"publish","type":"post","link":"http:\/\/nasedoba.me\/?p=3375","title":{"rendered":"2017-2018: \u201eMoj vrt u zelenom srcu grada\u201c \u2013 projekat Udru\u017eenja ljubitelja Gorice i prirode"},"content":{"rendered":"<p>NVU Na\u0161e doba bilo je partner u projektu\u00a0\u201eMoj vrt u zelenom srcu grada\u201c Udru\u017eenja ljubitelja Gorice i prirode.<\/p>\n<p>Projekat je realizovan u okviru Inicijative za socijalnu inkluziju starijih, regionalnog projekta koji u Crnoj Gori vodi Crveni krst uz finansijsku podr\u0161ku EU, Austrijske agencije za razvoj i Austrijskog Crvenog krsta.<\/p>\n<p>\u201eMoj vrt u zelenom srcu grada\u201c je dio ve\u0107eg projekta i odnosi se na anga\u017eovanje starijih gra\u0111ana u ure\u0111enju jedne od parcela Mediteranskog vrta na brdu Gorica.\u00a0Doskora neprohodan, zapu\u0161teni prostor, pun invazivnih biljnih vrsta pretvaramo u inkubator za uzgoj i rasa\u0111ivanje &#8211; autohtonih vrsta (hrast, smokva, maslina, ko\u0161\u0107ela) na isto\u010dnoj padini Vrta i &#8211; mediteranskog bilja na zapadnoj, gdje se nalazi i Moj vrt u zelenom srcu grada.<br \/>\nU ba\u0161ti volonterski rade i u\u010denici, studenti, izvi\u0111a\u010di, \u010dlanovi Udru\u017eenja ljubitelja Gorice i prirode\u00a0i \u010dlanovi drugih organizacija. Zajedno sa njima promovi\u0161emo volonterizam, ekolo\u0161ki, kulturni i socijalni aktivizam.<\/p>\n<p>Pripreme za realizaciju projekta trajale su od decembra 2017, a radovi u ba\u0161ti od po\u010detka marta do kraja septembra 2018. godine. Skoro svakog vikenda (zavisno od vremenskih prilika) odr\u017eana je akcija. U 16 akcija obavljani su sljede\u0107i radovi: \u010di\u0161\u0107enje terena, ure\u0111enje prostora za Vrt, formiranje leja i nasipanje zemlje, sadnja aromati\u010dnog bilja (bosiljak, ruzmarin, smilje, lavanda, mati\u010dnjak, bosiljak, pelim), jagoda i kamelija, zalijevanje i odr\u017eavanje posa\u0111enog bilja.<br \/>\nSljede\u0107i \u010dlanovi NVU Na\u0161e doba u\u010destvovali su u akcijama :<br \/>\nCica Jakovljevi\u0107 (13 akcija), Gordana Jovanovi\u0107 (12) sa unucima, Vasiljka Lozi\u0107 (10), Milena Andrija\u0161evi\u0107 (8), Vesna Laku\u0161 (8), Marija Kujovi\u0107 (7), Ljiljana Krsti\u0107 (6), Danica Vukoti\u0107 (5), Tinda Bulatovi\u0107, Tanja Novakovi\u0107, An\u0111elka Ljumovi\u0107, Koviljka Spai\u0107, Slavica Radonji\u0107, Maca Perovi\u0107, Jelena Milo\u0161evi\u0107, Vesna Ratkovi\u0107, Olja Pi\u017eurica, Ka\u0107a Garda\u0161evi\u0107, Seka Vulin, Milanka \u017darkovi\u0107, Du\u0161ka Vuksanovi\u0107 sa\u00a0 unukom, Silvija Radulovi\u0107, Lahira \u010ciki\u0107, Vjera Kopitovi\u0107, Ljilja Jovanovi\u0107, Stanko Jekni\u0107.<br \/>\nU nabavci kvalitetnih sadnica mediteranskog bilja posebno je pomogla Tinda Bulatovi\u0107.<\/p>\n<p>foto: Zoran Bojovi\u0107<\/p>\n","protected":false},"excerpt":{"rendered":"<p>NVU Na\u0161e doba bilo je partner u projektu\u00a0\u201eMoj vrt u zelenom srcu grada\u201c Udru\u017eenja ljubitelja Gorice i prirode. Projekat je realizovan u okviru Inicijative za socijalnu inkluziju starijih, regionalnog projekta koji u Crnoj Gori vodi Crveni krst uz finansijsku podr\u0161ku EU, Austrijske agencije za razvoj i Austrijskog Crvenog krsta. \u201eMoj vrt u zelenom srcu grada\u201c [&hellip;]<\/p>\n","protected":false},"author":6,"featured_media":3381,"comment_status":"open","ping_status":"open","sticky":false,"template":"","format":"standard","meta":{"_et_pb_use_builder":"","_et_pb_old_content":"","_et_gb_content_width":"","_jetpack_memberships_contains_paid_content":false,"footnotes":""},"categories":[3],"tags":[],"class_list":["post-3375","post","type-post","status-publish","format-standard","has-post-thumbnail","hentry","category-projekti","et-has-post-format-content","et_post_format-et-post-format-standard"],"jetpack_featured_media_url":"http:\/\/nasedoba.me\/wp-content\/uploads\/2018\/12\/05-05.jpg","jetpack_sharing_enabled":true,"_links":{"self":[{"href":"http:\/\/nasedoba.me\/index.php?rest_route=\/wp\/v2\/posts\/3375","targetHints":{"allow":["GET"]}}],"collection":[{"href":"http:\/\/nasedoba.me\/index.php?rest_route=\/wp\/v2\/posts"}],"about":[{"href":"http:\/\/nasedoba.me\/index.php?rest_route=\/wp\/v2\/types\/post"}],"author":[{"embeddable":true,"href":"http:\/\/nasedoba.me\/index.php?rest_route=\/wp\/v2\/users\/6"}],"replies":[{"embeddable":true,"href":"http:\/\/nasedoba.me\/index.php?rest_route=%2Fwp%2Fv2%2Fcomments&post=3375"}],"version-history":[{"count":7,"href":"http:\/\/nasedoba.me\/index.php?rest_route=\/wp\/v2\/posts\/3375\/revisions"}],"predecessor-version":[{"id":3397,"href":"http:\/\/nasedoba.me\/index.php?rest_route=\/wp\/v2\/posts\/3375\/revisions\/3397"}],"wp:featuredmedia":[{"embeddable":true,"href":"http:\/\/nasedoba.me\/index.php?rest_route=\/wp\/v2\/media\/3381"}],"wp:attachment":[{"href":"http:\/\/nasedoba.me\/index.php?rest_route=%2Fwp%2Fv2%2Fmedia&parent=3375"}],"wp:term":[{"taxonomy":"category","embeddable":true,"href":"http:\/\/nasedoba.me\/index.php?rest_route=%2Fwp%2Fv2%2Fcategories&post=3375"},{"taxonomy":"post_tag","embeddable":true,"href":"http:\/\/nasedoba.me\/index.php?rest_route=%2Fwp%2Fv2%2Ftags&post=3375"}],"curies":[{"name":"wp","href":"https:\/\/api.w.org\/{rel}","templated":true}]}}