{"id":3221,"date":"2018-10-11T10:01:38","date_gmt":"2018-10-11T10:01:38","guid":{"rendered":"http:\/\/nasedoba.me\/?p=3221"},"modified":"2018-10-11T10:03:52","modified_gmt":"2018-10-11T10:03:52","slug":"mediteranski-vrt-dom-700-sadnica","status":"publish","type":"post","link":"http:\/\/nasedoba.me\/?p=3221","title":{"rendered":"Mediteranski vrt dom 700 sadnica"},"content":{"rendered":"<p>\u201eMediteranski vrt je plod lijepe saradnje izme\u0111u Glavnog grada i nevladinog sektora kroz Udru\u017eenje ljubitelja Gorice i prirode i predstavlja jedan novi oblik saradnje izme\u0111u Glavnog grada i nevladinog sektora koji \u0107emo mi u upravi Grada nastaviti i dalje da njegujemo\u201c, rekao je Dragutin \u0110ekovi\u0107, menad\u017eer Glavnog grada-Podgorica danas na brdu Gorica prilikom sve\u010danog otvaranja Mediteranskog vrta, projekta koji je nastao u saradnji Glavnog grada i NVO Udru\u017eenja ljubitelji Gorice i prirode.<\/p>\n<p>\u201eOvaj projekat je sanacioni \u2013 \u00a0prostor je bio zapu\u0161ten, obrastao invazivnim vrstama koje smo uklonili, sve \u0161to je ura\u0111eno, ra\u0111eno je upravo pomo\u0107u materijala sa Gorice\u201c, rekao je \u0110ekovi\u0107 i naglasio da je projekat i recikla\u017eani i edukativni, jer u sklopu vrta postoji i zelena u\u010dionica ispod mosta gdje \u0107e se odr\u017eavati predavanja za djecu, omladinu i studente i oni \u0107e mo\u0107i da se upoznaju sa ljepotom i bogatstvom Gorice i Crne Gore i Mediterana.<\/p>\n<p>\u201cOno \u0161to je Goricu u\u010dinilo posebnom jesu visoki borovi i divno o\u010duvana \u0161uma hrasta Trojanca i hrasta Medunca. Nakon velikog po\u017eara 2012. godine, susreli\u00a0 smo se sa jednim novim licem koje smo \u017eeljeli da zamijenimo onim starim, da vratimo stari izgled Gorice\u201d rekla je docent Dr Danijela Ste\u0161evi\u0107, profesorica na Prirodno matemati\u010dkom fakultetu iz NVO Udru\u017eenja ljubitelji Gorice i prirode.<\/p>\n<p>Po njenim rije\u010dima, razlog zbog \u010dega je Mediteranski vrt smje\u0161ten ba\u0161 tu je \u0161to se upravo u ovoj maloj kotlini, nakon po\u017eara, stvorilo carstvo invazivnog kiseljaka i mahonije,\u00a0 kao nepo\u017eeljnim, invazivnim biljnim vrstama koje imaju negativan uticaj na biodiverzitet jer zauzimaju prostor samoniklim vrstama koje krase jedan predio i koji mu daju botani\u010dki ili biolo\u0161ki identitet.<\/p>\n<p>Mediteranski park, po njenim rije\u010dima, u ovom trenutku sadi 700 donesenih sadnica Pelima, Smilja, Mati\u010dnjaka,\u00a0 a kao samonikle se nalaze ciklama i jedna Orhideja.<\/p>\n<p>\u201cOvaj lokalitet je zaslu\u017eio da bude prvi zeleni park ili prva zelena u\u010dionica zato \u0161to je park \u0161uma Gorica odnosno brdo Gorice jedno od biodiverzitetski najbogatijih ta\u010daka u gradu. Ali sve gradske Gorice \u2013 obala Mora\u010de, Skaline, Sastavci, svi ti zeleni prostori zaslu\u017euju da budu u\u010dionice tako da se nadam da \u0107emo uz podr\u0161ku Grada i Ministarstva imati vise vi\u0161e zelenih u\u010dionica svuda \u0161irom grada i da \u0107e ona biti to po \u010demu \u0107e se Podgorica identifikovati\u201d, zaklju\u010dila je dr Ste\u0161evi\u0107.<\/p>\n<p>\u201eMediteranski vrt je plod enutizijazma, saradnje i sigurni smo da \u0107e biti jo\u0161 ovakvih vrtova u Podgorici i Crnoj Gori, pogotovo \u0161to je Podgorica prepoznata kao zeleni grad, jedan od vode\u0107ih glavnih gradova u Evropi po zelenilu, tako da je ovo jo\u0161 jedan doprinos toj tituli da postanemo najzeleniji grad u Evropi\u201c, rekao je dr Darko Petru\u0161i\u0107, generalni direktor Ministarstva nauke u Vladi Crne Gore.<\/p>\n<p>On je podsjetio da je Crna Gora poznata po endemskim vrstama, i da se u Crnoj Gori nalazi ne\u0161to preko 220 endemskih vrsta.<\/p>\n<p>Zamjenica gradona\u010delnika Podgorice Sla\u0111ana Vuja\u010di\u0107 je uru\u010dila zahvalnice Fondu za aktivno gra\u0111anstvo, Crnogorskom Telekomu, Crvenom krstu Crne Gore, nevladinim organizacijama i udru\u017eenjima \u201cEco logic\u201d, <strong>\u201cNa\u0161e doba\u201d<\/strong>, \u201cNa\u0161a akcija\u201d, Izvi\u0111a\u010dkom odredu \u201cNjego\u0161\u201d, Volonterskom klubu Gimnazije \u201cSlobodan \u0160kerovi\u0107\u201d, Avanturisti\u010dkom parku Gorica, Firmi \u201cE&amp;E bilje\u201d, gradskom preduze\u0107u \u201cZelenilo\u201d, Agenciji za stanovanje Glavnog grada Podgorica, Krstu Rudovi\u0107u, Ministarstvz nauke i Organizaciji UNDP Montenegro.<\/p>\n<p>Napominjemo da \u0107e Vrt, nakon formalnog \u201epu\u0161tanja u rad\u201c, biti otvoren za posjetioce svih uzrasta, u terminima koji \u0107e biti definisani. U\u010destvuju\u0107i u radionicama koje \u0107e biti organizovane, u\u010denici osnovnih \u0161kola upozna\u0107e se sa karakteristi\u010dnim biljkama Mediterana, nau\u010diti kako da ih jednog dana i sami posade u Mediteranskom vrtu, ali i u svojim dvori\u0161tima i parkovima u kojima se igraju. Bogatstvo i raznovrsnost \u017eivog svijeta Gorice djeci \u0107e biti prikazano i kroz projekciju kratkog filma, u posebno opremljenom dijelu Vrta.<\/p>\n<p>Izvor i foto:\u00a0<a href=\"http:\/\/podgorica.me\/2018\/10\/10\/mediteranski-vrt-dom-700-sadnica-i-prva-zelena-ucionica-u-podgorici\/\">PG BIRO<\/a><\/p>\n","protected":false},"excerpt":{"rendered":"<p>\u201eMediteranski vrt je plod lijepe saradnje izme\u0111u Glavnog grada i nevladinog sektora kroz Udru\u017eenje ljubitelja Gorice i prirode i predstavlja jedan novi oblik saradnje izme\u0111u Glavnog grada i nevladinog sektora koji \u0107emo mi u upravi Grada nastaviti i dalje da njegujemo\u201c, rekao je Dragutin \u0110ekovi\u0107, menad\u017eer Glavnog grada-Podgorica danas na brdu Gorica prilikom sve\u010danog otvaranja [&hellip;]<\/p>\n","protected":false},"author":11,"featured_media":3222,"comment_status":"open","ping_status":"open","sticky":false,"template":"","format":"standard","meta":{"_et_pb_use_builder":"","_et_pb_old_content":"","_et_gb_content_width":"","_jetpack_memberships_contains_paid_content":false,"footnotes":""},"categories":[10],"tags":[],"class_list":["post-3221","post","type-post","status-publish","format-standard","has-post-thumbnail","hentry","category-aktuelno","et-has-post-format-content","et_post_format-et-post-format-standard"],"jetpack_featured_media_url":"http:\/\/nasedoba.me\/wp-content\/uploads\/2018\/10\/VRT.jpg","jetpack_sharing_enabled":true,"_links":{"self":[{"href":"http:\/\/nasedoba.me\/index.php?rest_route=\/wp\/v2\/posts\/3221","targetHints":{"allow":["GET"]}}],"collection":[{"href":"http:\/\/nasedoba.me\/index.php?rest_route=\/wp\/v2\/posts"}],"about":[{"href":"http:\/\/nasedoba.me\/index.php?rest_route=\/wp\/v2\/types\/post"}],"author":[{"embeddable":true,"href":"http:\/\/nasedoba.me\/index.php?rest_route=\/wp\/v2\/users\/11"}],"replies":[{"embeddable":true,"href":"http:\/\/nasedoba.me\/index.php?rest_route=%2Fwp%2Fv2%2Fcomments&post=3221"}],"version-history":[{"count":1,"href":"http:\/\/nasedoba.me\/index.php?rest_route=\/wp\/v2\/posts\/3221\/revisions"}],"predecessor-version":[{"id":3223,"href":"http:\/\/nasedoba.me\/index.php?rest_route=\/wp\/v2\/posts\/3221\/revisions\/3223"}],"wp:featuredmedia":[{"embeddable":true,"href":"http:\/\/nasedoba.me\/index.php?rest_route=\/wp\/v2\/media\/3222"}],"wp:attachment":[{"href":"http:\/\/nasedoba.me\/index.php?rest_route=%2Fwp%2Fv2%2Fmedia&parent=3221"}],"wp:term":[{"taxonomy":"category","embeddable":true,"href":"http:\/\/nasedoba.me\/index.php?rest_route=%2Fwp%2Fv2%2Fcategories&post=3221"},{"taxonomy":"post_tag","embeddable":true,"href":"http:\/\/nasedoba.me\/index.php?rest_route=%2Fwp%2Fv2%2Ftags&post=3221"}],"curies":[{"name":"wp","href":"https:\/\/api.w.org\/{rel}","templated":true}]}}