{"id":3133,"date":"2018-09-29T19:32:11","date_gmt":"2018-09-29T19:32:11","guid":{"rendered":"http:\/\/nasedoba.me\/?p=3133"},"modified":"2018-09-29T19:35:05","modified_gmt":"2018-09-29T19:35:05","slug":"nase-doba-za-nas-dan","status":"publish","type":"post","link":"http:\/\/nasedoba.me\/?p=3133","title":{"rendered":"Na\u0161e doba za na\u0161 dan"},"content":{"rendered":"<p><span style=\"font-size: 14pt;\">Na\u0161e doba u\u010destvuje u nizu doga\u0111aja kojima \u0107e mre\u017ea <em>Dignitas<\/em> obilje\u017eiti 1. oktobar &#8211; Svjetski dan starijih. Mre\u017ea Dignitas povezuje institucije i organizacije u Crnoj Gori koje se bave pitanjima starijih generacija.<\/span><br \/>\n<span style=\"font-size: 14pt;\"> Na\u0161i \u010dlanovi u\u010destvova\u0107e u sljede\u0107im aktivnostima u Podgorici:<\/span><br \/>\n<span style=\"font-size: 14pt;\"> <strong>U nedjelju, 30. septembra u 17 sati<\/strong> okupi\u0107emo se na Gorici kod Mediteranskog vrta koji ure\u0111uje <em>Udru\u017eenje prijatelja Gorice i prirode<\/em>, a <em>Na\u0161e doba<\/em> poma\u017ee i odr\u017eava parcelu <em>Moj vrt u zelenom srcu grada<\/em>. Do sada je sa nama Milanka \u017darkovi\u0107, instruktorka joge, sadila mediteransko bilje, a ovom prilikom\u00a0odr\u017ea\u0107e \u010das\u00a0korektivne gimnastike\u00a0u prirodi.<\/span><br \/>\n<span style=\"font-size: 14pt;\"> <strong>U utorak, 2. oktobra u 18 sati<\/strong> u Igra\u010dkoteci <em>Udru\u017eenja Roditelji<\/em>, \u010dlanovi<em> Na\u0161eg doba<\/em> koji su do sada vodili radionice za djecu, na\u0107i \u0107e se u novoj ulozi. Psiholo\u0161kinja Zorica Mini\u0107 odr\u017ea\u0107e radionicu za u\u010desnike projekta <em>Bake i deke za aktivni razvoj<\/em>. <em>Udru\u017eenje Roditelji<\/em> tako usmjerava pa\u017enju i na roditelje odrasle djece.<\/span><br \/>\n<span style=\"font-size: 14pt;\"> <strong>U srijedu, 3. oktobra<\/strong>\u00a0 u 11 sati u Crvenom krstu Crne Gore na\u0161a \u010dlanica dr Vesna Ratkovi\u0107 odr\u017ea\u0107e predavanje o ljudskim pravima sa fokusom na prava starijih ljudi. Iskustva predstavnika Crvenog krsta pokazuju da su stariji ljudi nedovoljno obavije\u0161teni i ne poznaju svoja prava.<\/span><br \/>\n<span style=\"font-size: 14pt;\"> <em><strong>Pozivamo \u010dlanove Na\u0161eg doba i prijatelje da nam se pridru\u017ee u ovim akcijama i da uka\u017eemo na potrebe i potencijale starijih generacija.<\/strong><\/em><\/span><\/p>\n","protected":false},"excerpt":{"rendered":"<p>Na\u0161e doba u\u010destvuje u nizu doga\u0111aja kojima \u0107e mre\u017ea Dignitas obilje\u017eiti 1. oktobar &#8211; Svjetski dan starijih. Mre\u017ea Dignitas povezuje institucije i organizacije u Crnoj Gori koje se bave pitanjima starijih generacija. Na\u0161i \u010dlanovi u\u010destvova\u0107e u sljede\u0107im aktivnostima u Podgorici: U nedjelju, 30. septembra u 17 sati okupi\u0107emo se na Gorici kod Mediteranskog vrta koji [&hellip;]<\/p>\n","protected":false},"author":6,"featured_media":349,"comment_status":"open","ping_status":"open","sticky":false,"template":"","format":"standard","meta":{"_et_pb_use_builder":"","_et_pb_old_content":"","_et_gb_content_width":"","_jetpack_memberships_contains_paid_content":false,"footnotes":""},"categories":[10,20],"tags":[],"class_list":["post-3133","post","type-post","status-publish","format-standard","has-post-thumbnail","hentry","category-aktuelno","category-nase-aktivnosti","et-has-post-format-content","et_post_format-et-post-format-standard"],"jetpack_featured_media_url":"http:\/\/nasedoba.me\/wp-content\/uploads\/2016\/01\/proj-1-Rez-grupa-DSCF4985.jpg","jetpack_sharing_enabled":true,"_links":{"self":[{"href":"http:\/\/nasedoba.me\/index.php?rest_route=\/wp\/v2\/posts\/3133","targetHints":{"allow":["GET"]}}],"collection":[{"href":"http:\/\/nasedoba.me\/index.php?rest_route=\/wp\/v2\/posts"}],"about":[{"href":"http:\/\/nasedoba.me\/index.php?rest_route=\/wp\/v2\/types\/post"}],"author":[{"embeddable":true,"href":"http:\/\/nasedoba.me\/index.php?rest_route=\/wp\/v2\/users\/6"}],"replies":[{"embeddable":true,"href":"http:\/\/nasedoba.me\/index.php?rest_route=%2Fwp%2Fv2%2Fcomments&post=3133"}],"version-history":[{"count":4,"href":"http:\/\/nasedoba.me\/index.php?rest_route=\/wp\/v2\/posts\/3133\/revisions"}],"predecessor-version":[{"id":3151,"href":"http:\/\/nasedoba.me\/index.php?rest_route=\/wp\/v2\/posts\/3133\/revisions\/3151"}],"wp:featuredmedia":[{"embeddable":true,"href":"http:\/\/nasedoba.me\/index.php?rest_route=\/wp\/v2\/media\/349"}],"wp:attachment":[{"href":"http:\/\/nasedoba.me\/index.php?rest_route=%2Fwp%2Fv2%2Fmedia&parent=3133"}],"wp:term":[{"taxonomy":"category","embeddable":true,"href":"http:\/\/nasedoba.me\/index.php?rest_route=%2Fwp%2Fv2%2Fcategories&post=3133"},{"taxonomy":"post_tag","embeddable":true,"href":"http:\/\/nasedoba.me\/index.php?rest_route=%2Fwp%2Fv2%2Ftags&post=3133"}],"curies":[{"name":"wp","href":"https:\/\/api.w.org\/{rel}","templated":true}]}}