{"id":2940,"date":"2018-05-17T13:53:33","date_gmt":"2018-05-17T13:53:33","guid":{"rendered":"http:\/\/nasedoba.me\/?p=2940"},"modified":"2018-07-05T11:52:49","modified_gmt":"2018-07-05T11:52:49","slug":"lap-topovi-ponovo-ukljuceni","status":"publish","type":"post","link":"http:\/\/nasedoba.me\/?p=2940","title":{"rendered":"Lap-topovi ponovo uklju\u010deni"},"content":{"rendered":"<p>Tre\u0107i kurs u okviru projekta Socijalna inkluzija starijih kroz digitalno opismenjavanje po\u010deo je 15. maja 2018. Instruktorka Damira Kala\u010d, koja je ve\u0107 obu\u010dila dvadesetak penzionera, radi\u0107e sa novih deset polaznika &#8211; \u010dlanova Na\u0161eg doba i Udru\u017eenja penzionera. Planirano je da kurs traje do druge sedmice juna. Do tada \u0107e penzioneri -po\u010detnici nau\u010diti da koriste Word, pretra\u017eiva\u010d i elektronsku po\u0161tu.<\/p>\n<p>Ovaj projekat Na\u0161eg doba podr\u017ean je iz evropskih fondova, Austrijskog Crvenog krsta, Austrijske agencije za razvoj i Crvenog Krsta Crne Gore, u okviru regionalnog projekta Inicijativa za socijalnu inkluziju starijih.<\/p>\n<p>&nbsp;<\/p>\n","protected":false},"excerpt":{"rendered":"<p>Tre\u0107i kurs u okviru projekta Socijalna inkluzija starijih kroz digitalno opismenjavanje po\u010deo je 15. maja 2018. Instruktorka Damira Kala\u010d, koja je ve\u0107 obu\u010dila dvadesetak penzionera, radi\u0107e sa novih deset polaznika &#8211; \u010dlanova Na\u0161eg doba i Udru\u017eenja penzionera. Planirano je da kurs traje do druge sedmice juna. Do tada \u0107e penzioneri -po\u010detnici nau\u010diti da koriste Word, [&hellip;]<\/p>\n","protected":false},"author":6,"featured_media":2946,"comment_status":"open","ping_status":"open","sticky":false,"template":"","format":"standard","meta":{"_et_pb_use_builder":"","_et_pb_old_content":"","_et_gb_content_width":"","_jetpack_memberships_contains_paid_content":false,"footnotes":""},"categories":[20],"tags":[143,163,139,233],"class_list":["post-2940","post","type-post","status-publish","format-standard","has-post-thumbnail","hentry","category-nase-aktivnosti","tag-crveni-krst","tag-kurs","tag-nase-doba","tag-udruzenje-penzionera","et-has-post-format-content","et_post_format-et-post-format-standard"],"jetpack_featured_media_url":"http:\/\/nasedoba.me\/wp-content\/uploads\/2018\/05\/III-kurs-18-05-15-7ee-V-e1526421629902.jpg","jetpack_sharing_enabled":true,"_links":{"self":[{"href":"http:\/\/nasedoba.me\/index.php?rest_route=\/wp\/v2\/posts\/2940","targetHints":{"allow":["GET"]}}],"collection":[{"href":"http:\/\/nasedoba.me\/index.php?rest_route=\/wp\/v2\/posts"}],"about":[{"href":"http:\/\/nasedoba.me\/index.php?rest_route=\/wp\/v2\/types\/post"}],"author":[{"embeddable":true,"href":"http:\/\/nasedoba.me\/index.php?rest_route=\/wp\/v2\/users\/6"}],"replies":[{"embeddable":true,"href":"http:\/\/nasedoba.me\/index.php?rest_route=%2Fwp%2Fv2%2Fcomments&post=2940"}],"version-history":[{"count":4,"href":"http:\/\/nasedoba.me\/index.php?rest_route=\/wp\/v2\/posts\/2940\/revisions"}],"predecessor-version":[{"id":2956,"href":"http:\/\/nasedoba.me\/index.php?rest_route=\/wp\/v2\/posts\/2940\/revisions\/2956"}],"wp:featuredmedia":[{"embeddable":true,"href":"http:\/\/nasedoba.me\/index.php?rest_route=\/wp\/v2\/media\/2946"}],"wp:attachment":[{"href":"http:\/\/nasedoba.me\/index.php?rest_route=%2Fwp%2Fv2%2Fmedia&parent=2940"}],"wp:term":[{"taxonomy":"category","embeddable":true,"href":"http:\/\/nasedoba.me\/index.php?rest_route=%2Fwp%2Fv2%2Fcategories&post=2940"},{"taxonomy":"post_tag","embeddable":true,"href":"http:\/\/nasedoba.me\/index.php?rest_route=%2Fwp%2Fv2%2Ftags&post=2940"}],"curies":[{"name":"wp","href":"https:\/\/api.w.org\/{rel}","templated":true}]}}