{"id":2828,"date":"2018-04-13T13:12:16","date_gmt":"2018-04-13T13:12:16","guid":{"rendered":"http:\/\/nasedoba.me\/?p=2828"},"modified":"2018-07-05T12:31:18","modified_gmt":"2018-07-05T12:31:18","slug":"otvoren-dom-za-stare-pljevlja","status":"publish","type":"post","link":"http:\/\/nasedoba.me\/?p=2828","title":{"rendered":"Otvoren Dom za stare \u201ePljevlja\u201c"},"content":{"rendered":"<p><span style=\"font-size: 14pt;\">Potpredsjednik Vlade Crne Gore\u00a0<strong>Milutin Simovi\u0107<\/strong>\u00a0i ministar rada i socijalnog staranja\u00a0<strong>Kemal Puri\u0161i\u0107,<\/strong>\u00a0u saradnji sa brojnim donatorima otvorili su danas,\u00a0<strong>11.04.2018. godine Dom starih \u201ePljevlja\u201c.<\/strong><\/span><\/p>\n<p><span style=\"font-size: 14pt;\">Glavni donator je Evropska unija, a zna\u010dajan finansijski doprinos pru\u017eili su Vlada Sjedinjenih Dr\u017eava i vlade Italije, Njema\u010dke, Norve\u0161ke, \u0160vajcarske, Danske, Turske. Program je sna\u017eno podr\u017ean od strane Visokog komesarijata Ujedinjenih nacija za izbjeglice &#8211; UNHCR i Organizacije za sigurnost i saradnju u Evropi &#8211; OEBS.<\/span><\/p>\n<p><span style=\"font-size: 14pt;\">Ukupna vrijednost ovog projekta iznosi 2.812.816,00\u20ac, od \u010dega je iznos od 1.918.000,00\u20ac obezbije\u0111en iz donacija.<\/span><\/p>\n<div><span style=\"font-size: 14pt;\">Preko Regionalnog stambenog programa za Crnu Goru obezbe\u0111ena su sredstva za rje\u0161avanje stambenog pitanja za 6.063 lica (1.177 domac\u0301instava) koja pripadaju najugro\u017eenijim kategorijama (osobe sme\u0161tene u neformalnim kolektivnim centrima i ugro\u017eenim osobama u privatnom smje\u0161taju, sa posebnim naglaskom na kamp Konik).<\/span><\/div>\n<div><span style=\"font-size: 14pt;\">\u00a0<\/span><\/div>\n<div><span style=\"font-size: 14pt;\">Kroz ovaj program planirana je: izgradnja 907 stambenih jedinica; isporuka gra\u0111evinskog materijala za 120 stambenih jedinica; izgradnja 50 kuc\u0301a; 68 jedinica u Domu za stare u Pljevljima. kupovinu stambenih jedinica u op\u0161tini Herceg Novi sa moguc\u0301no\u0161c\u0301u pro\u0161irenja projekta na druge primorske op\u0161tine, rekonstrukciju postojec\u0301ih vojnih objekata &#8211; Vojni kompleks Trebjesa za izgradnju kuc\u0301e za starije i osobe sa invaliditetom u op\u0161tini Nik\u0161ic\u0301. Ukupna vrednost projekta je 27.696 miliona eura. Crna Gora doprinosi sa 15% ili 4.154 miliona eura. Ukupna neplac\u0301ena sredstva iznose 23.542 miliona eura.<\/span><\/div>\n<div><span style=\"font-size: 14pt;\">\u00a0<\/span><\/div>\n<div><span style=\"font-size: 14pt;\">Op\u0161irnije na sajtu\u00a0<a href=\"http:\/\/www.minradiss.gov.me\/vijesti\/183743\/SAOPsTENJE-Otvoren-Doma-za-stare-Pljevlja.html\">Ministarstvo rada i socijalnog staranja<\/a><\/span><\/div>\n<div><span style=\"font-size: 14pt;\">\u00a0<\/span><\/div>\n<div><span style=\"font-size: 14pt;\">Izvor i foto: Ministarstvo rada i socijalnog staranja<\/span><\/div>\n","protected":false},"excerpt":{"rendered":"<p>Potpredsjednik Vlade Crne Gore\u00a0Milutin Simovi\u0107\u00a0i ministar rada i socijalnog staranja\u00a0Kemal Puri\u0161i\u0107,\u00a0u saradnji sa brojnim donatorima otvorili su danas,\u00a011.04.2018. godine Dom starih \u201ePljevlja\u201c. Glavni donator je Evropska unija, a zna\u010dajan finansijski doprinos pru\u017eili su Vlada Sjedinjenih Dr\u017eava i vlade Italije, Njema\u010dke, Norve\u0161ke, \u0160vajcarske, Danske, Turske. Program je sna\u017eno podr\u017ean od strane Visokog komesarijata Ujedinjenih nacija za [&hellip;]<\/p>\n","protected":false},"author":11,"featured_media":2829,"comment_status":"open","ping_status":"open","sticky":false,"template":"","format":"standard","meta":{"_et_pb_use_builder":"","_et_pb_old_content":"","_et_gb_content_width":"","_jetpack_memberships_contains_paid_content":false,"footnotes":""},"categories":[10],"tags":[244,37],"class_list":["post-2828","post","type-post","status-publish","format-standard","has-post-thumbnail","hentry","category-aktuelno","tag-dom-za-stare","tag-pljevlja","et-has-post-format-content","et_post_format-et-post-format-standard"],"jetpack_featured_media_url":"http:\/\/nasedoba.me\/wp-content\/uploads\/2018\/04\/Pljevlja.jpg","jetpack_sharing_enabled":true,"_links":{"self":[{"href":"http:\/\/nasedoba.me\/index.php?rest_route=\/wp\/v2\/posts\/2828","targetHints":{"allow":["GET"]}}],"collection":[{"href":"http:\/\/nasedoba.me\/index.php?rest_route=\/wp\/v2\/posts"}],"about":[{"href":"http:\/\/nasedoba.me\/index.php?rest_route=\/wp\/v2\/types\/post"}],"author":[{"embeddable":true,"href":"http:\/\/nasedoba.me\/index.php?rest_route=\/wp\/v2\/users\/11"}],"replies":[{"embeddable":true,"href":"http:\/\/nasedoba.me\/index.php?rest_route=%2Fwp%2Fv2%2Fcomments&post=2828"}],"version-history":[{"count":3,"href":"http:\/\/nasedoba.me\/index.php?rest_route=\/wp\/v2\/posts\/2828\/revisions"}],"predecessor-version":[{"id":2832,"href":"http:\/\/nasedoba.me\/index.php?rest_route=\/wp\/v2\/posts\/2828\/revisions\/2832"}],"wp:featuredmedia":[{"embeddable":true,"href":"http:\/\/nasedoba.me\/index.php?rest_route=\/wp\/v2\/media\/2829"}],"wp:attachment":[{"href":"http:\/\/nasedoba.me\/index.php?rest_route=%2Fwp%2Fv2%2Fmedia&parent=2828"}],"wp:term":[{"taxonomy":"category","embeddable":true,"href":"http:\/\/nasedoba.me\/index.php?rest_route=%2Fwp%2Fv2%2Fcategories&post=2828"},{"taxonomy":"post_tag","embeddable":true,"href":"http:\/\/nasedoba.me\/index.php?rest_route=%2Fwp%2Fv2%2Ftags&post=2828"}],"curies":[{"name":"wp","href":"https:\/\/api.w.org\/{rel}","templated":true}]}}