{"id":2634,"date":"2018-02-27T09:01:45","date_gmt":"2018-02-27T09:01:45","guid":{"rendered":"http:\/\/nasedoba.me\/?p=2634"},"modified":"2018-02-27T09:01:45","modified_gmt":"2018-02-27T09:01:45","slug":"akcijasi-svih-generacija","status":"publish","type":"post","link":"http:\/\/nasedoba.me\/?p=2634","title":{"rendered":"Akcija\u0161i svih generacija"},"content":{"rendered":"<p>U pripremi terena za Mediteranski vrt na Gorici 24. februara u\u010destvovalo je tridesetak akcija\u0161a svih generacija. Pored \u010dlanova Udru\u017eenja ljubitelja Gorice i prirode, tu su bili izvi\u0111a\u010di iz Odreda Njego\u0161, mladi iz NVO Na\u0161a akcija i pet \u010dlanica Na\u0161eg doba.<\/p>\n<p>Ovo je bila 151. akcija Udru\u017eenja ljubitelja Gorice, a peta u projektu \u201cMoj vrt u zelenom srcu grada\u201d koji predvi\u0111a da jednu parcelu budu\u0107eg Mediteranskog vrta odr\u017eavaju \u010dlanovi Na\u0161eg doba. Za deset \u010dlanica koje su ve\u0107 do sada doprinijele ure\u0111enju Gorice dodijeljene su nam majice sa obilje\u017ejima projekta.<\/p>\n<p><img loading=\"lazy\" decoding=\"async\" class=\"alignnone size-large wp-image-2654\" src=\"http:\/\/nasedoba.me\/wp-content\/uploads\/2018\/02\/MAJIUCE0e6b381ae483946c-V-1024x576.jpg\" alt=\"MAJIUCE0e6b381ae483946c-V\" width=\"1024\" height=\"576\" srcset=\"http:\/\/nasedoba.me\/wp-content\/uploads\/2018\/02\/MAJIUCE0e6b381ae483946c-V-1024x576.jpg 1024w, http:\/\/nasedoba.me\/wp-content\/uploads\/2018\/02\/MAJIUCE0e6b381ae483946c-V-300x169.jpg 300w, http:\/\/nasedoba.me\/wp-content\/uploads\/2018\/02\/MAJIUCE0e6b381ae483946c-V-1080x608.jpg 1080w, http:\/\/nasedoba.me\/wp-content\/uploads\/2018\/02\/MAJIUCE0e6b381ae483946c-V.jpg 1280w\" sizes=\"auto, (max-width: 1024px) 100vw, 1024px\" \/><\/p>\n<p>foto: Zoran Bojovi\u0107<\/p>\n","protected":false},"excerpt":{"rendered":"<p>U pripremi terena za Mediteranski vrt na Gorici 24. februara u\u010destvovalo je tridesetak akcija\u0161a svih generacija. Pored \u010dlanova Udru\u017eenja ljubitelja Gorice i prirode, tu su bili izvi\u0111a\u010di iz Odreda Njego\u0161, mladi iz NVO Na\u0161a akcija i pet \u010dlanica Na\u0161eg doba. Ovo je bila 151. akcija Udru\u017eenja ljubitelja Gorice, a peta u projektu \u201cMoj vrt u [&hellip;]<\/p>\n","protected":false},"author":6,"featured_media":2649,"comment_status":"open","ping_status":"open","sticky":false,"template":"","format":"standard","meta":{"_et_pb_use_builder":"","_et_pb_old_content":"","_et_gb_content_width":"","_jetpack_memberships_contains_paid_content":false,"footnotes":""},"categories":[20],"tags":[],"class_list":["post-2634","post","type-post","status-publish","format-standard","has-post-thumbnail","hentry","category-nase-aktivnosti","et-has-post-format-content","et_post_format-et-post-format-standard"],"jetpack_featured_media_url":"http:\/\/nasedoba.me\/wp-content\/uploads\/2018\/02\/ne-tunel55_n.jpg","jetpack_sharing_enabled":true,"_links":{"self":[{"href":"http:\/\/nasedoba.me\/index.php?rest_route=\/wp\/v2\/posts\/2634","targetHints":{"allow":["GET"]}}],"collection":[{"href":"http:\/\/nasedoba.me\/index.php?rest_route=\/wp\/v2\/posts"}],"about":[{"href":"http:\/\/nasedoba.me\/index.php?rest_route=\/wp\/v2\/types\/post"}],"author":[{"embeddable":true,"href":"http:\/\/nasedoba.me\/index.php?rest_route=\/wp\/v2\/users\/6"}],"replies":[{"embeddable":true,"href":"http:\/\/nasedoba.me\/index.php?rest_route=%2Fwp%2Fv2%2Fcomments&post=2634"}],"version-history":[{"count":4,"href":"http:\/\/nasedoba.me\/index.php?rest_route=\/wp\/v2\/posts\/2634\/revisions"}],"predecessor-version":[{"id":2663,"href":"http:\/\/nasedoba.me\/index.php?rest_route=\/wp\/v2\/posts\/2634\/revisions\/2663"}],"wp:featuredmedia":[{"embeddable":true,"href":"http:\/\/nasedoba.me\/index.php?rest_route=\/wp\/v2\/media\/2649"}],"wp:attachment":[{"href":"http:\/\/nasedoba.me\/index.php?rest_route=%2Fwp%2Fv2%2Fmedia&parent=2634"}],"wp:term":[{"taxonomy":"category","embeddable":true,"href":"http:\/\/nasedoba.me\/index.php?rest_route=%2Fwp%2Fv2%2Fcategories&post=2634"},{"taxonomy":"post_tag","embeddable":true,"href":"http:\/\/nasedoba.me\/index.php?rest_route=%2Fwp%2Fv2%2Ftags&post=2634"}],"curies":[{"name":"wp","href":"https:\/\/api.w.org\/{rel}","templated":true}]}}