{"id":2426,"date":"2017-09-20T12:01:25","date_gmt":"2017-09-20T12:01:25","guid":{"rendered":"http:\/\/nasedoba.me\/?p=2426"},"modified":"2017-09-20T12:07:33","modified_gmt":"2017-09-20T12:07:33","slug":"nvo-futura-obiljezava-svjetski-dan-borbe-protiv-alchajmerove-bolesti","status":"publish","type":"post","link":"http:\/\/nasedoba.me\/?p=2426","title":{"rendered":"NVO FUTURA obilje\u017eava  Svjetski dan borbe protiv Alchajmerove bolesti"},"content":{"rendered":"<p><strong><em>Saop\u0161tenje NVO \u00a0FUTURA povodom obilje\u017eavanja\u00a0 Svjetskog dana borbe protiv Alchajmerove bolesti<\/em><\/strong><\/p>\n<p>21. septembar progla\u0161en je za Svjetski dan Alchajmerove bolesti (Alzheimer Disease\/ Alcheimer Dementia) i toga dana svake godine \u0161irom svijeta zdravstveni radnici i njihovi saradnici, volonteri i \u010dlanovi porodica oboljelih, svim raspolo\u017eivim snagama, idejama i sredstvima poku\u0161avaju da podsjete sve ostale na ovo oboljenje, koje se vrtoglavim razmjerama \u0161iri u ljudskoj populaciji. Zato je podizanje svijesti o Alchajmerovoj bolesti od izuzetnog zna\u010daja za sve.<\/p>\n<p>21. septembra \u0161irom svijeta organizuju se tradicionalne \u0161etnje sje\u0107anja\u00a0 (memory walks), a ove godine se na\u0161a organizacija sa svojim timom priklju\u010duje svjetskom pokretu obojenom u ljubi\u010dasto i to \u0107e u\u010diniti tako \u0161to \u0107e gra\u0111ani mo\u0107i da se na na\u0161em pultu, koji \u0107e biti smje\u0161ten na uglu ulice Slobode i Hercegova\u010dke ulice u samom centru Podgorice u peridu od 18.30h do 21h, informi\u0161u detaljnije o ovoj bolesti, popunjavaju upitnike , rje\u0161avaju mini testove za prepoznavanje demencije, a sve to u saradnji sa istaknutim doktorima i stru\u010dnjacima u ovoj oblasti koji su dio na\u0161eg tima.<\/p>\n<p><strong><em>Da li ste znali da istra\u017eivanja pokazuju da na svakih sedam sekundi jedna osoba u svijetu oboli od ovog oblika demencije, da u svijetu od Alchajmerove bolesti boluje oko 50 miliona ljudi?<\/em><\/strong><\/p>\n<p>Tu smo da podignemo svijest zajednice o ovoj bolesti i pomognemo onima kojima je pomo\u0107 potrebna!<\/p>\n<p><b>Izvor i foto: NVO \u00a0FUTURA<\/b><\/p>\n","protected":false},"excerpt":{"rendered":"<p>Saop\u0161tenje NVO \u00a0FUTURA povodom obilje\u017eavanja\u00a0 Svjetskog dana borbe protiv Alchajmerove bolesti 21. septembar progla\u0161en je za Svjetski dan Alchajmerove bolesti (Alzheimer Disease\/ Alcheimer Dementia) i toga dana svake godine \u0161irom svijeta zdravstveni radnici i njihovi saradnici, volonteri i \u010dlanovi porodica oboljelih, svim raspolo\u017eivim snagama, idejama i sredstvima poku\u0161avaju da podsjete sve ostale na ovo oboljenje, [&hellip;]<\/p>\n","protected":false},"author":11,"featured_media":2427,"comment_status":"open","ping_status":"open","sticky":false,"template":"","format":"standard","meta":{"_et_pb_use_builder":"","_et_pb_old_content":"","_et_gb_content_width":"","_jetpack_memberships_contains_paid_content":false,"footnotes":""},"categories":[10],"tags":[],"class_list":["post-2426","post","type-post","status-publish","format-standard","has-post-thumbnail","hentry","category-aktuelno","et-has-post-format-content","et_post_format-et-post-format-standard"],"jetpack_featured_media_url":"http:\/\/nasedoba.me\/wp-content\/uploads\/2017\/09\/savjetovalste-za-Demenciju.jpg","jetpack_sharing_enabled":true,"_links":{"self":[{"href":"http:\/\/nasedoba.me\/index.php?rest_route=\/wp\/v2\/posts\/2426","targetHints":{"allow":["GET"]}}],"collection":[{"href":"http:\/\/nasedoba.me\/index.php?rest_route=\/wp\/v2\/posts"}],"about":[{"href":"http:\/\/nasedoba.me\/index.php?rest_route=\/wp\/v2\/types\/post"}],"author":[{"embeddable":true,"href":"http:\/\/nasedoba.me\/index.php?rest_route=\/wp\/v2\/users\/11"}],"replies":[{"embeddable":true,"href":"http:\/\/nasedoba.me\/index.php?rest_route=%2Fwp%2Fv2%2Fcomments&post=2426"}],"version-history":[{"count":4,"href":"http:\/\/nasedoba.me\/index.php?rest_route=\/wp\/v2\/posts\/2426\/revisions"}],"predecessor-version":[{"id":2431,"href":"http:\/\/nasedoba.me\/index.php?rest_route=\/wp\/v2\/posts\/2426\/revisions\/2431"}],"wp:featuredmedia":[{"embeddable":true,"href":"http:\/\/nasedoba.me\/index.php?rest_route=\/wp\/v2\/media\/2427"}],"wp:attachment":[{"href":"http:\/\/nasedoba.me\/index.php?rest_route=%2Fwp%2Fv2%2Fmedia&parent=2426"}],"wp:term":[{"taxonomy":"category","embeddable":true,"href":"http:\/\/nasedoba.me\/index.php?rest_route=%2Fwp%2Fv2%2Fcategories&post=2426"},{"taxonomy":"post_tag","embeddable":true,"href":"http:\/\/nasedoba.me\/index.php?rest_route=%2Fwp%2Fv2%2Ftags&post=2426"}],"curies":[{"name":"wp","href":"https:\/\/api.w.org\/{rel}","templated":true}]}}