{"id":2020,"date":"2016-12-30T13:25:05","date_gmt":"2016-12-30T13:25:05","guid":{"rendered":"http:\/\/nasedoba.me\/?p=2020"},"modified":"2016-12-30T13:28:17","modified_gmt":"2016-12-30T13:28:17","slug":"radionica-veza-srpski-vez-tradicija-na-nov-nacin","status":"publish","type":"post","link":"http:\/\/nasedoba.me\/?p=2020","title":{"rendered":"Radionica veza &#8220;Srpski vez &#8211; tradicija na nov na\u010din\u201c"},"content":{"rendered":"<p>Udru\u017eenje starih zanata i vje\u0161tina \u201eNit\u201c iz Podgorice realizovalo je centralnu aktivnost projekta, radionicu veza \u00a0\u201eSrpski vez &#8211; tradicija na nov na\u010din\u201c, koji je podr\u017eao Fond za za\u0161titu i ostvarivanje manjinskih prava Crne Gore.<\/p>\n<p>Cilj projekta je njegovanje eti\u010dkih posebnosti i kulturne ba\u0161tine manjinskih naroda, kroz revitalizaciju jedne stare vje\u0161tine i pribli\u017eavanje te vje\u0161tine novim generacijama, putem savremene primjene i novog dizajna.<\/p>\n<p>Na poziv Smiljane Radusinovi\u0107 dvije \u010dlanice NVU \u201eNa\u0161e doba\u201c, Aleksandra Gazivoda i Dragica \u0110urovi\u0107, su poha\u0111ale ovaj kurs besplatno.<\/p>\n<p><img loading=\"lazy\" decoding=\"async\" class=\"aligncenter wp-image-2023 size-large\" src=\"http:\/\/nasedoba.me\/wp-content\/uploads\/2016\/12\/grupna-1024x575.jpg\" alt=\"grupna\" width=\"1024\" height=\"575\" srcset=\"http:\/\/nasedoba.me\/wp-content\/uploads\/2016\/12\/grupna-1024x575.jpg 1024w, http:\/\/nasedoba.me\/wp-content\/uploads\/2016\/12\/grupna-300x168.jpg 300w, http:\/\/nasedoba.me\/wp-content\/uploads\/2016\/12\/grupna-1080x606.jpg 1080w\" sizes=\"auto, (max-width: 1024px) 100vw, 1024px\" \/><\/p>\n<p>Na\u0161e \u010dlanica Aleksandra Gazivoda je podijelila sljede\u0107e utiske sa nama:<\/p>\n<p>\u201eRadionicu je vodila Jovanka Lazi\u0107 iz Kru\u0161evca, koja nas je upoznala sa tajnama ovog zanata. Polaznice radionice su bile \u017eene iz razli\u010ditih kategorija dru\u0161tva &#8211; penzionerke, nezaposlene \u017eene, samohrane majke, zaposlene \u017eene, kao i pripadnice srpske nacionalne zajednice.<\/p>\n<p>Tokom dvije nedelje, na radionicama koje su svakodnevno trajale i po nekoliko sati, u\u010dile smo razne vrste bodova i materijala na kojima se oni primjenjuju. Lijep smo se dru\u017eile i razmjenjivale znanja i iskustva o ovom zanatu. Ono \u0161to je najljep\u0161e su nova poznanstva koja smo stekli. Ostala je \u017eelja da \u0107emo se opet dru\u017eiti na nekom novom projektu s ciljem upoznavanja neke nove vje\u0161tine i zanata.\u201c<\/p>\n<p><img loading=\"lazy\" decoding=\"async\" class=\"aligncenter wp-image-2022 size-large\" src=\"http:\/\/nasedoba.me\/wp-content\/uploads\/2016\/12\/slike-rad1-575x1024.jpg\" alt=\"slike-rad1\" width=\"575\" height=\"1024\" srcset=\"http:\/\/nasedoba.me\/wp-content\/uploads\/2016\/12\/slike-rad1-575x1024.jpg 575w, http:\/\/nasedoba.me\/wp-content\/uploads\/2016\/12\/slike-rad1-168x300.jpg 168w, http:\/\/nasedoba.me\/wp-content\/uploads\/2016\/12\/slike-rad1-1080x1923.jpg 1080w\" sizes=\"auto, (max-width: 575px) 100vw, 575px\" \/><\/p>\n","protected":false},"excerpt":{"rendered":"<p>Udru\u017eenje starih zanata i vje\u0161tina \u201eNit\u201c iz Podgorice realizovalo je centralnu aktivnost projekta, radionicu veza \u00a0\u201eSrpski vez &#8211; tradicija na nov na\u010din\u201c, koji je podr\u017eao Fond za za\u0161titu i ostvarivanje manjinskih prava Crne Gore. Cilj projekta je njegovanje eti\u010dkih posebnosti i kulturne ba\u0161tine manjinskih naroda, kroz revitalizaciju jedne stare vje\u0161tine i pribli\u017eavanje te vje\u0161tine novim [&hellip;]<\/p>\n","protected":false},"author":11,"featured_media":2021,"comment_status":"open","ping_status":"open","sticky":false,"template":"","format":"standard","meta":{"_et_pb_use_builder":"","_et_pb_old_content":"","_et_gb_content_width":"","_jetpack_memberships_contains_paid_content":false,"footnotes":""},"categories":[20],"tags":[184,64,185],"class_list":["post-2020","post","type-post","status-publish","format-standard","has-post-thumbnail","hentry","category-nase-aktivnosti","tag-nit","tag-radionica","tag-vez","et-has-post-format-content","et_post_format-et-post-format-standard"],"jetpack_featured_media_url":"http:\/\/nasedoba.me\/wp-content\/uploads\/2016\/12\/slika-Radionica-novonastali-radovi-1.jpg","jetpack_sharing_enabled":true,"_links":{"self":[{"href":"http:\/\/nasedoba.me\/index.php?rest_route=\/wp\/v2\/posts\/2020","targetHints":{"allow":["GET"]}}],"collection":[{"href":"http:\/\/nasedoba.me\/index.php?rest_route=\/wp\/v2\/posts"}],"about":[{"href":"http:\/\/nasedoba.me\/index.php?rest_route=\/wp\/v2\/types\/post"}],"author":[{"embeddable":true,"href":"http:\/\/nasedoba.me\/index.php?rest_route=\/wp\/v2\/users\/11"}],"replies":[{"embeddable":true,"href":"http:\/\/nasedoba.me\/index.php?rest_route=%2Fwp%2Fv2%2Fcomments&post=2020"}],"version-history":[{"count":3,"href":"http:\/\/nasedoba.me\/index.php?rest_route=\/wp\/v2\/posts\/2020\/revisions"}],"predecessor-version":[{"id":2026,"href":"http:\/\/nasedoba.me\/index.php?rest_route=\/wp\/v2\/posts\/2020\/revisions\/2026"}],"wp:featuredmedia":[{"embeddable":true,"href":"http:\/\/nasedoba.me\/index.php?rest_route=\/wp\/v2\/media\/2021"}],"wp:attachment":[{"href":"http:\/\/nasedoba.me\/index.php?rest_route=%2Fwp%2Fv2%2Fmedia&parent=2020"}],"wp:term":[{"taxonomy":"category","embeddable":true,"href":"http:\/\/nasedoba.me\/index.php?rest_route=%2Fwp%2Fv2%2Fcategories&post=2020"},{"taxonomy":"post_tag","embeddable":true,"href":"http:\/\/nasedoba.me\/index.php?rest_route=%2Fwp%2Fv2%2Ftags&post=2020"}],"curies":[{"name":"wp","href":"https:\/\/api.w.org\/{rel}","templated":true}]}}