{"id":1995,"date":"2016-12-19T10:29:12","date_gmt":"2016-12-19T10:29:12","guid":{"rendered":"http:\/\/nasedoba.me\/?p=1995"},"modified":"2016-12-19T10:29:12","modified_gmt":"2016-12-19T10:29:12","slug":"na-akciji-ljubitelja-gorice","status":"publish","type":"post","link":"http:\/\/nasedoba.me\/?p=1995","title":{"rendered":"Na akciji ljubitelja Gorice"},"content":{"rendered":"<p>\u010clanice NVU Na\u0161e doba pridru\u017eile su se 17. decembra prijateljima Gorice koji redovno subotom imaju akcije na odr\u017eavanju park-\u0161ume Gorica.<\/p>\n<p>Uklanjali smo ostatke davno sru\u0161enih stabala i oslobodili teren za mladu \u0161umu na padini prema Zagori\u010du. Volonteri su tako\u0111e posadili nekoliko sadnica hrasta. U ovoj akciji su najbrojniji bili mali \u010dlanovi Odreda izvi\u0111a\u010da Njego\u0161, a najstarije na\u0161e \u010dlanice.<br \/>\nOvom prilikom obi\u0161li smo teren kod mosta ispod Spomenika Partizanu borcu, na kojem je planiran Mediteranski vrt. Tamo je zapu\u0161tena \u0161uma sa brojnim stablima koja je uni\u0161tio br\u0161ljan. Kako je planirano u projektu <a href=\"https:\/\/www.facebook.com\/groups\/362117843880088\/?fref=ts\">Udru\u017eenja ljubitelja Gorice i prirode<\/a>, tokom 2017. godine na tom mjestu \u0107emo napraviti, zajedno sa u\u010denicima i studentima, ba\u0161te sa mediteranskim biljem.<\/p>\n<p>&nbsp;<\/p>\n<p>&nbsp;<\/p>\n","protected":false},"excerpt":{"rendered":"<p>\u010clanice NVU Na\u0161e doba pridru\u017eile su se 17. decembra prijateljima Gorice koji redovno subotom imaju akcije na odr\u017eavanju park-\u0161ume Gorica. Uklanjali smo ostatke davno sru\u0161enih stabala i oslobodili teren za mladu \u0161umu na padini prema Zagori\u010du. Volonteri su tako\u0111e posadili nekoliko sadnica hrasta. U ovoj akciji su najbrojniji bili mali \u010dlanovi Odreda izvi\u0111a\u010da Njego\u0161, a [&hellip;]<\/p>\n","protected":false},"author":6,"featured_media":2008,"comment_status":"open","ping_status":"open","sticky":false,"template":"","format":"standard","meta":{"_et_pb_use_builder":"","_et_pb_old_content":"","_et_gb_content_width":"","_jetpack_memberships_contains_paid_content":false,"footnotes":""},"categories":[10,20],"tags":[183,182],"class_list":["post-1995","post","type-post","status-publish","format-standard","has-post-thumbnail","hentry","category-aktuelno","category-nase-aktivnosti","tag-akcija-ciscenja","tag-park-suma-gorica","et-has-post-format-content","et_post_format-et-post-format-standard"],"jetpack_featured_media_url":"http:\/\/nasedoba.me\/wp-content\/uploads\/2016\/12\/16-12-17-Gorica10.jpg","jetpack_sharing_enabled":true,"_links":{"self":[{"href":"http:\/\/nasedoba.me\/index.php?rest_route=\/wp\/v2\/posts\/1995","targetHints":{"allow":["GET"]}}],"collection":[{"href":"http:\/\/nasedoba.me\/index.php?rest_route=\/wp\/v2\/posts"}],"about":[{"href":"http:\/\/nasedoba.me\/index.php?rest_route=\/wp\/v2\/types\/post"}],"author":[{"embeddable":true,"href":"http:\/\/nasedoba.me\/index.php?rest_route=\/wp\/v2\/users\/6"}],"replies":[{"embeddable":true,"href":"http:\/\/nasedoba.me\/index.php?rest_route=%2Fwp%2Fv2%2Fcomments&post=1995"}],"version-history":[{"count":4,"href":"http:\/\/nasedoba.me\/index.php?rest_route=\/wp\/v2\/posts\/1995\/revisions"}],"predecessor-version":[{"id":2012,"href":"http:\/\/nasedoba.me\/index.php?rest_route=\/wp\/v2\/posts\/1995\/revisions\/2012"}],"wp:featuredmedia":[{"embeddable":true,"href":"http:\/\/nasedoba.me\/index.php?rest_route=\/wp\/v2\/media\/2008"}],"wp:attachment":[{"href":"http:\/\/nasedoba.me\/index.php?rest_route=%2Fwp%2Fv2%2Fmedia&parent=1995"}],"wp:term":[{"taxonomy":"category","embeddable":true,"href":"http:\/\/nasedoba.me\/index.php?rest_route=%2Fwp%2Fv2%2Fcategories&post=1995"},{"taxonomy":"post_tag","embeddable":true,"href":"http:\/\/nasedoba.me\/index.php?rest_route=%2Fwp%2Fv2%2Ftags&post=1995"}],"curies":[{"name":"wp","href":"https:\/\/api.w.org\/{rel}","templated":true}]}}