{"id":1603,"date":"2016-09-16T13:41:34","date_gmt":"2016-09-16T13:41:34","guid":{"rendered":"http:\/\/nasedoba.me\/?p=1603"},"modified":"2016-09-16T13:43:59","modified_gmt":"2016-09-16T13:43:59","slug":"bilten-crnogorske-iris-mreze","status":"publish","type":"post","link":"http:\/\/nasedoba.me\/?p=1603","title":{"rendered":"Bilten Crnogorske IRIS mre\u017ee"},"content":{"rendered":"<p>&nbsp;<\/p>\n<p>Crnogorska IRIS mre\u017ea objavila je bilten posve\u0107en aktuelnom projektu <em>Socijalna inkluzija i vladavina prava u procesu evropskih integracija u Crnoj Gori<\/em>.<br \/>\nIRIS okuplja organizacije civilnog dru\u0161tva iz jugoisto\u010dne Evrope koje se bave socijalnim uslugama i povezane su u nacionalne mre\u017ee. <em>NVU Na\u0161e doba<\/em> \u010dlanica je Crnogorske IRIS mre\u017ee.<br \/>\nDjelovanje <a href=\"http:\/\/iris-see.eu\">Mre\u017ee IRIS<\/a> finansira Evropska unija.<\/p>\n<p>&nbsp;<\/p>\n<p>Op\u0161irnije na linku\u00a0<a href=\"http:\/\/nasedoba.me\/wp-content\/uploads\/2016\/09\/Bilten-crnogorske-IRIS-mreze-1.pdf\" rel=\"\">BILTEN CRNOGORSKE IRIS MRE\u017dE<\/a><\/p>\n<p>&nbsp;<\/p>\n<p>&nbsp;<\/p>\n","protected":false},"excerpt":{"rendered":"<p>&nbsp; Crnogorska IRIS mre\u017ea objavila je bilten posve\u0107en aktuelnom projektu Socijalna inkluzija i vladavina prava u procesu evropskih integracija u Crnoj Gori. IRIS okuplja organizacije civilnog dru\u0161tva iz jugoisto\u010dne Evrope koje se bave socijalnim uslugama i povezane su u nacionalne mre\u017ee. NVU Na\u0161e doba \u010dlanica je Crnogorske IRIS mre\u017ee. Djelovanje Mre\u017ee IRIS finansira Evropska unija. [&hellip;]<\/p>\n","protected":false},"author":6,"featured_media":1621,"comment_status":"open","ping_status":"open","sticky":false,"template":"","format":"standard","meta":{"_et_pb_use_builder":"","_et_pb_old_content":"","_et_gb_content_width":"","_jetpack_memberships_contains_paid_content":false,"footnotes":""},"categories":[10],"tags":[120,119,121],"class_list":["post-1603","post","type-post","status-publish","format-standard","has-post-thumbnail","hentry","category-aktuelno","tag-bilten","tag-iris","tag-socijalnainkluzija","et-has-post-format-content","et_post_format-et-post-format-standard"],"jetpack_featured_media_url":"http:\/\/nasedoba.me\/wp-content\/uploads\/2016\/09\/logo.jpg","jetpack_sharing_enabled":true,"_links":{"self":[{"href":"http:\/\/nasedoba.me\/index.php?rest_route=\/wp\/v2\/posts\/1603","targetHints":{"allow":["GET"]}}],"collection":[{"href":"http:\/\/nasedoba.me\/index.php?rest_route=\/wp\/v2\/posts"}],"about":[{"href":"http:\/\/nasedoba.me\/index.php?rest_route=\/wp\/v2\/types\/post"}],"author":[{"embeddable":true,"href":"http:\/\/nasedoba.me\/index.php?rest_route=\/wp\/v2\/users\/6"}],"replies":[{"embeddable":true,"href":"http:\/\/nasedoba.me\/index.php?rest_route=%2Fwp%2Fv2%2Fcomments&post=1603"}],"version-history":[{"count":8,"href":"http:\/\/nasedoba.me\/index.php?rest_route=\/wp\/v2\/posts\/1603\/revisions"}],"predecessor-version":[{"id":1633,"href":"http:\/\/nasedoba.me\/index.php?rest_route=\/wp\/v2\/posts\/1603\/revisions\/1633"}],"wp:featuredmedia":[{"embeddable":true,"href":"http:\/\/nasedoba.me\/index.php?rest_route=\/wp\/v2\/media\/1621"}],"wp:attachment":[{"href":"http:\/\/nasedoba.me\/index.php?rest_route=%2Fwp%2Fv2%2Fmedia&parent=1603"}],"wp:term":[{"taxonomy":"category","embeddable":true,"href":"http:\/\/nasedoba.me\/index.php?rest_route=%2Fwp%2Fv2%2Fcategories&post=1603"},{"taxonomy":"post_tag","embeddable":true,"href":"http:\/\/nasedoba.me\/index.php?rest_route=%2Fwp%2Fv2%2Ftags&post=1603"}],"curies":[{"name":"wp","href":"https:\/\/api.w.org\/{rel}","templated":true}]}}