{"id":1550,"date":"2016-09-05T16:30:48","date_gmt":"2016-09-05T16:30:48","guid":{"rendered":"http:\/\/nasedoba.me\/?p=1550"},"modified":"2016-09-05T16:32:03","modified_gmt":"2016-09-05T16:32:03","slug":"pocinju-8-dani-fotografije","status":"publish","type":"post","link":"http:\/\/nasedoba.me\/?p=1550","title":{"rendered":"Po\u010dinju 8. Dani fotografije"},"content":{"rendered":"<p>Otvaranjem izlo\u017ebe fotografija <em>&#8220;Tijelo na\u0161 ponos&#8221;<\/em> autorke Maje \u0160ivec iz Slovenije, u srijedu 7. septembra u 19 sati, u Perjani\u010dkom domu, po\u010de\u0107e 8. Dani fotografije.<\/p>\n<p>Ovogodi\u0161nji Dani fotografije traju do 22. septembra, a cilj je da se nivo fotografske kulture unaprijedi i svakako podigne na ve\u0107i nivo.<\/p>\n<p>Pored izlo\u017ebe, Foto berze, Razgovora o fotografiji, radnog izleta, u\u010de\u0161\u0107a na predstoje\u0107em Mobility week-u organizatori su pripremili i \u00a0Radionicu alternativnih(starih) na\u010dina izrade fotografija.<\/p>\n<p>\u201eZa neke aktivnosti potrebno je da se zainteresovani prijave, a u\u010de\u0161\u0107e u svim programima je besplatno\u201c, navodi se u saop\u0161tenju.<\/p>\n<p>Projekat je dijelom podr\u017ean od Komisije za raspodjelu dijela prihoda od igara na sre\u0107u, Centra savremene umjetnosti i privrednih dru\u0161tava.<\/p>\n<p>&nbsp;<\/p>\n<p>Izvor i foto:\u00a0<a href=\"http:\/\/www.rtcg.me\/kultura\/pozoriste\/140291\/pocinju-8-dani-fotografije.html\">RTCG<\/a><\/p>\n","protected":false},"excerpt":{"rendered":"<p>Otvaranjem izlo\u017ebe fotografija &#8220;Tijelo na\u0161 ponos&#8221; autorke Maje \u0160ivec iz Slovenije, u srijedu 7. septembra u 19 sati, u Perjani\u010dkom domu, po\u010de\u0107e 8. Dani fotografije. Ovogodi\u0161nji Dani fotografije traju do 22. septembra, a cilj je da se nivo fotografske kulture unaprijedi i svakako podigne na ve\u0107i nivo. Pored izlo\u017ebe, Foto berze, Razgovora o fotografiji, radnog [&hellip;]<\/p>\n","protected":false},"author":11,"featured_media":1551,"comment_status":"open","ping_status":"open","sticky":false,"template":"","format":"standard","meta":{"_et_pb_use_builder":"","_et_pb_old_content":"","_et_gb_content_width":"","_jetpack_memberships_contains_paid_content":false,"footnotes":""},"categories":[10],"tags":[103,50],"class_list":["post-1550","post","type-post","status-publish","format-standard","has-post-thumbnail","hentry","category-aktuelno","tag-fotografija","tag-izlozba","et-has-post-format-content","et_post_format-et-post-format-standard"],"jetpack_featured_media_url":"http:\/\/nasedoba.me\/wp-content\/uploads\/2016\/09\/dani-fotografije-A3-j_2.jpg","jetpack_sharing_enabled":true,"_links":{"self":[{"href":"http:\/\/nasedoba.me\/index.php?rest_route=\/wp\/v2\/posts\/1550","targetHints":{"allow":["GET"]}}],"collection":[{"href":"http:\/\/nasedoba.me\/index.php?rest_route=\/wp\/v2\/posts"}],"about":[{"href":"http:\/\/nasedoba.me\/index.php?rest_route=\/wp\/v2\/types\/post"}],"author":[{"embeddable":true,"href":"http:\/\/nasedoba.me\/index.php?rest_route=\/wp\/v2\/users\/11"}],"replies":[{"embeddable":true,"href":"http:\/\/nasedoba.me\/index.php?rest_route=%2Fwp%2Fv2%2Fcomments&post=1550"}],"version-history":[{"count":2,"href":"http:\/\/nasedoba.me\/index.php?rest_route=\/wp\/v2\/posts\/1550\/revisions"}],"predecessor-version":[{"id":1553,"href":"http:\/\/nasedoba.me\/index.php?rest_route=\/wp\/v2\/posts\/1550\/revisions\/1553"}],"wp:featuredmedia":[{"embeddable":true,"href":"http:\/\/nasedoba.me\/index.php?rest_route=\/wp\/v2\/media\/1551"}],"wp:attachment":[{"href":"http:\/\/nasedoba.me\/index.php?rest_route=%2Fwp%2Fv2%2Fmedia&parent=1550"}],"wp:term":[{"taxonomy":"category","embeddable":true,"href":"http:\/\/nasedoba.me\/index.php?rest_route=%2Fwp%2Fv2%2Fcategories&post=1550"},{"taxonomy":"post_tag","embeddable":true,"href":"http:\/\/nasedoba.me\/index.php?rest_route=%2Fwp%2Fv2%2Ftags&post=1550"}],"curies":[{"name":"wp","href":"https:\/\/api.w.org\/{rel}","templated":true}]}}