{"id":1401,"date":"2016-07-13T10:09:50","date_gmt":"2016-07-13T10:09:50","guid":{"rendered":"http:\/\/nasedoba.me\/?p=1401"},"modified":"2016-09-20T12:27:09","modified_gmt":"2016-09-20T12:27:09","slug":"povoljnosti-za-odmor-penzionera","status":"publish","type":"post","link":"http:\/\/nasedoba.me\/?p=1401","title":{"rendered":"Povoljnosti za odmor penzionera"},"content":{"rendered":"<p>Penzioneri u Crnoj Gori i ove godine imaju mogu\u0107nost da ljetuju uz povoljnosti u pla\u0107anju.\u00a0 Savez udru\u017eenja penzionera Crne Gore organizuje odmor za \u010dlanove u svojim odmarali\u0161tima u Ulcinju i \u017dabljaku. Tako\u0111e je, u saradnji sa lje\u010dili\u0161tima, omogu\u0107io povoljnosti za odmor i rehabilitaciju penzionera i u drugim mjestima.<\/p>\n<p>Odmarali\u0161ta u Ulcinju i \u017dabljaku imaju sedmodnevne smjene \u2013 u Ulcinju do 5. decembra, a na \u017dabljaku do 3. oktobra i to u dva objekta \u2013 u Odmarali\u0161tu i u hotelu Gorske o\u010di. Gosti kojima je penzija ni\u017ea od 300 eura pla\u0107aju u odmarali\u0161tima 5 eura dnevno, a oni sa vi\u0161om penzijom 10 eura dnevno. U hotelu Gorske o\u010di na \u017dabljaku cijena je 7,5 eura po danu, odnosno 15 eura za one sa penzijom vi\u0161om od 300 eura. Ovaj tro\u0161ak penzioneri otpla\u0107uju u sedam jednakih rata. Aran\u017eman je rezultat saradnje Ministarstva finansija, Ministarstva rada i socijalnog staranja, Fonda PIO i Saveza udru\u017eenja penzionera Crne Gore. Zainteresovani \u010dlanovi Udru\u017eenja prijavljuju se preko svojih lokalnih udru\u017eenja.<\/p>\n<p>&nbsp;<\/p>\n<p><a href=\"http:\/\/www.igalospa.com\/\"><img loading=\"lazy\" decoding=\"async\" class=\"aligncenter wp-image-1422 size-full\" src=\"http:\/\/nasedoba.me\/wp-content\/uploads\/2016\/07\/16-07-10-Igalo-I-faza.jpg\" alt=\"16 07 10 Igalo I faza\" width=\"642\" height=\"335\" srcset=\"http:\/\/nasedoba.me\/wp-content\/uploads\/2016\/07\/16-07-10-Igalo-I-faza.jpg 642w, http:\/\/nasedoba.me\/wp-content\/uploads\/2016\/07\/16-07-10-Igalo-I-faza-300x157.jpg 300w\" sizes=\"auto, (max-width: 642px) 100vw, 642px\" \/><\/a><\/p>\n<p>&nbsp;<\/p>\n<p>Institut Simo Milo\u0161evi\u0107 u Igalu nudi penzionerima i njihovim porodicama vi\u0161e paketa koji obuhvataju puni pansion, ljekarski pregled pri dolasku i odlasku i razne vrste terapije. Cijene su, zavisno od paketa, od 24 eura do 55 eura po danu za desetodnevni aran\u017eman u periodu od 11. septembra do 21. oktobra, ali i prije tog vremena ako bude slobodnih mjesta. Pla\u0107anje je odlo\u017eeno \u2013 u deset jednakih mjese\u010dnih rata. Prijave se upu\u0107uju direktno Institutu.<\/p>\n<p>&nbsp;<\/p>\n<p><img loading=\"lazy\" decoding=\"async\" class=\"aligncenter wp-image-1424 size-full\" src=\"http:\/\/nasedoba.me\/wp-content\/uploads\/2016\/07\/16-07-10-Meljine.jpg\" alt=\"16 07 10 Meljine\" width=\"625\" height=\"300\" srcset=\"http:\/\/nasedoba.me\/wp-content\/uploads\/2016\/07\/16-07-10-Meljine.jpg 625w, http:\/\/nasedoba.me\/wp-content\/uploads\/2016\/07\/16-07-10-Meljine-300x144.jpg 300w\" sizes=\"auto, (max-width: 625px) 100vw, 625px\" \/><\/p>\n<p>&nbsp;<\/p>\n<p>U Bolnici Meljine za penzionere i \u010dlanove njihovih porodica u sezoni, do kraja avgusta, va\u017ee cijene od 23 eura (polupansion u dvokrevetnoj sobi) do 31 euro (puni pansion u jednokrevetnoj sobi). U postsezoni, od 1. septembra do 31. decembra cijene su izme\u0111u 22 eura (polupansion u dvokrevetnoj sobi) i 30 eura (puni pansion u jednokrevetnoj sobi). Cijena uklju\u010duje i ljekarski pregled pri dolasku i odlasku i dvije fizikalne procedure. Za ove goste Bolnica nudi i dodatne vrste terapije i medicinske usluge po povla\u0161\u0107enoj cijeni.<br \/>\nZa desetodnevni boravak pla\u0107anje je odlo\u017eeno \u2013 u deset jednakih mjese\u010dnih rata. Prijave se upu\u0107uju direktno Bolnici.<\/p>\n<p>Sli\u010dne usluge za penzionere iz Crne Gore i njihove porodice nudi i Rehabilitacioni centar Vilina vlas u Vi\u0161egradu. Do kraja septembra puni pansion u dvokrevetnoj sobi ko\u0161ta 27 eura, a od oktobra do kraja aprila sljede\u0107e godine 23 eura. Pla\u0107anje je odlo\u017eeno \u2013 u \u0161est jednakih mjese\u010dnih rata.<\/p>\n<p>Povoljnosti u pla\u0107anju penzionerima nudi i Etno selo u Plavu. Ako u odre\u0111enom periodu ima slobodnih mjesta, o popustu u cijeni i o otplati na rate \u00a0zainteresovani mogu da se dogovore sa upravom Etno sela.<\/p>\n<p>&nbsp;<\/p>\n<p>Foto:\u00a0<a href=\"http:\/\/www.igalospa.com\">www.igalospa.com<\/a><\/p>\n<p><a href=\"http:\/\/www.bolnica-meljine.me\/\">www.bolnica-meljine.me<\/a><\/p>\n<p>&nbsp;<\/p>\n<p>&nbsp;<\/p>\n<p>&nbsp;<\/p>\n<p>&nbsp;<\/p>\n","protected":false},"excerpt":{"rendered":"<p>Penzioneri u Crnoj Gori i ove godine imaju mogu\u0107nost da ljetuju uz povoljnosti u pla\u0107anju.\u00a0 Savez udru\u017eenja penzionera Crne Gore organizuje odmor za \u010dlanove u svojim odmarali\u0161tima u Ulcinju i \u017dabljaku. Tako\u0111e je, u saradnji sa lje\u010dili\u0161tima, omogu\u0107io povoljnosti za odmor i rehabilitaciju penzionera i u drugim mjestima. Odmarali\u0161ta u Ulcinju i \u017dabljaku imaju sedmodnevne [&hellip;]<\/p>\n","protected":false},"author":6,"featured_media":1427,"comment_status":"open","ping_status":"open","sticky":false,"template":"","format":"standard","meta":{"_et_pb_use_builder":"","_et_pb_old_content":"","_et_gb_content_width":"","_jetpack_memberships_contains_paid_content":false,"footnotes":""},"categories":[10,134],"tags":[54,53,36],"class_list":["post-1401","post","type-post","status-publish","format-standard","has-post-thumbnail","hentry","category-aktuelno","category-usteda","tag-igalo","tag-odmor","tag-penzioneri","et-has-post-format-content","et_post_format-et-post-format-standard"],"jetpack_featured_media_url":"http:\/\/nasedoba.me\/wp-content\/uploads\/2016\/07\/10-Igalo-vjezbe.jpg","jetpack_sharing_enabled":true,"_links":{"self":[{"href":"http:\/\/nasedoba.me\/index.php?rest_route=\/wp\/v2\/posts\/1401","targetHints":{"allow":["GET"]}}],"collection":[{"href":"http:\/\/nasedoba.me\/index.php?rest_route=\/wp\/v2\/posts"}],"about":[{"href":"http:\/\/nasedoba.me\/index.php?rest_route=\/wp\/v2\/types\/post"}],"author":[{"embeddable":true,"href":"http:\/\/nasedoba.me\/index.php?rest_route=\/wp\/v2\/users\/6"}],"replies":[{"embeddable":true,"href":"http:\/\/nasedoba.me\/index.php?rest_route=%2Fwp%2Fv2%2Fcomments&post=1401"}],"version-history":[{"count":6,"href":"http:\/\/nasedoba.me\/index.php?rest_route=\/wp\/v2\/posts\/1401\/revisions"}],"predecessor-version":[{"id":1432,"href":"http:\/\/nasedoba.me\/index.php?rest_route=\/wp\/v2\/posts\/1401\/revisions\/1432"}],"wp:featuredmedia":[{"embeddable":true,"href":"http:\/\/nasedoba.me\/index.php?rest_route=\/wp\/v2\/media\/1427"}],"wp:attachment":[{"href":"http:\/\/nasedoba.me\/index.php?rest_route=%2Fwp%2Fv2%2Fmedia&parent=1401"}],"wp:term":[{"taxonomy":"category","embeddable":true,"href":"http:\/\/nasedoba.me\/index.php?rest_route=%2Fwp%2Fv2%2Fcategories&post=1401"},{"taxonomy":"post_tag","embeddable":true,"href":"http:\/\/nasedoba.me\/index.php?rest_route=%2Fwp%2Fv2%2Ftags&post=1401"}],"curies":[{"name":"wp","href":"https:\/\/api.w.org\/{rel}","templated":true}]}}