{"id":1215,"date":"2016-05-15T15:04:55","date_gmt":"2016-05-15T15:04:55","guid":{"rendered":"http:\/\/nasedoba.me\/?p=1215"},"modified":"2016-05-15T15:04:55","modified_gmt":"2016-05-15T15:04:55","slug":"produzen-sajam-knjiga-sjutra-ulaz-besplatan","status":"publish","type":"post","link":"http:\/\/nasedoba.me\/?p=1215","title":{"rendered":"Produ\u017een Sajam knjiga, sjutra ulaz besplatan"},"content":{"rendered":"<p>Me\u0111unarodni podgori\u010dki sajam knjiga i obrazovanja bi\u0107e produ\u017een. Zbog velikog interesovanja\u00a0posjetilaca organizatori su odlu\u010dili da on traje dan du\u017ee, tj. do ponedjeljka, 16.05. od 11 do 18\u010dasova, kada \u0107e zvani\u010dno biti zatvoren.<\/p>\n<p>Ulaz na Sajam \u0107e u ponedjeljak biti besplatan za sve posjetioce.<\/p>\n<p>&nbsp;<\/p>\n<p>Izvor i foto: Me\u0111unarodni podgori\u010dki sajam knjiga i obrazovanja<\/p>\n","protected":false},"excerpt":{"rendered":"<p>Me\u0111unarodni podgori\u010dki sajam knjiga i obrazovanja bi\u0107e produ\u017een. Zbog velikog interesovanja\u00a0posjetilaca organizatori su odlu\u010dili da on traje dan du\u017ee, tj. do ponedjeljka, 16.05. od 11 do 18\u010dasova, kada \u0107e zvani\u010dno biti zatvoren. Ulaz na Sajam \u0107e u ponedjeljak biti besplatan za sve posjetioce. &nbsp; Izvor i foto: Me\u0111unarodni podgori\u010dki sajam knjiga i obrazovanja<\/p>\n","protected":false},"author":11,"featured_media":1126,"comment_status":"open","ping_status":"open","sticky":false,"template":"","format":"standard","meta":{"_et_pb_use_builder":"","_et_pb_old_content":"","_et_gb_content_width":"","_jetpack_memberships_contains_paid_content":false,"footnotes":""},"categories":[10],"tags":[],"class_list":["post-1215","post","type-post","status-publish","format-standard","has-post-thumbnail","hentry","category-aktuelno","et-has-post-format-content","et_post_format-et-post-format-standard"],"jetpack_featured_media_url":"http:\/\/nasedoba.me\/wp-content\/uploads\/2016\/05\/crna-gora-cita-slogan.jpg","jetpack_sharing_enabled":true,"_links":{"self":[{"href":"http:\/\/nasedoba.me\/index.php?rest_route=\/wp\/v2\/posts\/1215","targetHints":{"allow":["GET"]}}],"collection":[{"href":"http:\/\/nasedoba.me\/index.php?rest_route=\/wp\/v2\/posts"}],"about":[{"href":"http:\/\/nasedoba.me\/index.php?rest_route=\/wp\/v2\/types\/post"}],"author":[{"embeddable":true,"href":"http:\/\/nasedoba.me\/index.php?rest_route=\/wp\/v2\/users\/11"}],"replies":[{"embeddable":true,"href":"http:\/\/nasedoba.me\/index.php?rest_route=%2Fwp%2Fv2%2Fcomments&post=1215"}],"version-history":[{"count":1,"href":"http:\/\/nasedoba.me\/index.php?rest_route=\/wp\/v2\/posts\/1215\/revisions"}],"predecessor-version":[{"id":1216,"href":"http:\/\/nasedoba.me\/index.php?rest_route=\/wp\/v2\/posts\/1215\/revisions\/1216"}],"wp:featuredmedia":[{"embeddable":true,"href":"http:\/\/nasedoba.me\/index.php?rest_route=\/wp\/v2\/media\/1126"}],"wp:attachment":[{"href":"http:\/\/nasedoba.me\/index.php?rest_route=%2Fwp%2Fv2%2Fmedia&parent=1215"}],"wp:term":[{"taxonomy":"category","embeddable":true,"href":"http:\/\/nasedoba.me\/index.php?rest_route=%2Fwp%2Fv2%2Fcategories&post=1215"},{"taxonomy":"post_tag","embeddable":true,"href":"http:\/\/nasedoba.me\/index.php?rest_route=%2Fwp%2Fv2%2Ftags&post=1215"}],"curies":[{"name":"wp","href":"https:\/\/api.w.org\/{rel}","templated":true}]}}