{"id":1091,"date":"2016-04-26T12:18:00","date_gmt":"2016-04-26T12:18:00","guid":{"rendered":"http:\/\/nasedoba.me\/?p=1091"},"modified":"2016-04-27T12:27:46","modified_gmt":"2016-04-27T12:27:46","slug":"ministarka-kovacevic-i-fiona-mekluni-u-posjeti-opstini-danilovgrad","status":"publish","type":"post","link":"http:\/\/nasedoba.me\/?p=1091","title":{"rendered":"Ministarka Kova\u010devi\u0107 i Fiona Mekluni u posjeti op\u0161tini Danilovgrad"},"content":{"rendered":"<p>Ministarka rada i socijalnog staranja Zorica Kova\u010devi\u0107 i stalna predstavnica UNDP\/stalna koordinatorka Sistema UN u Crnoj Gori Fiona Mekluni posjetile su danas op\u0161tinu Danilovgrad.<\/p>\n<p>Ministarka Kova\u010devi\u0107 i stalna predstavnica UNDP Mekluni obi\u0161le su Dnevni boravak\u00a0 za stare i stan za stanovanje uz podr\u0161ku u Spu\u017eu koji su otvoreni 19.02. ove godine, sa ciljem pobolj\u0161anja kvaliteta \u017eivota korisnika i njihove socijalne uklju\u010denosti.<\/p>\n<p>Kako je saop\u0161teno iz Ministarstva rada i socijalnog staranja, nakon obilaska objekata ministarka Kova\u010devi\u0107 i stalna predstavnica UNDP Mekluni sastale su se se predsjednikom op\u0161tine Danilovgrad <strong>Branislavom \u0110uranovi\u0107em<\/strong>. Tokom sastanka predstavljeni su realizovani projekti i i servisi kroz \u010diji rad se unapre\u0111uje socijalna i dje\u010dja za\u0161tita, pru\u017eanje i realizovanje usluga ranjivim kategorijama dru\u0161tva.<\/p>\n<p>Nakon obilaska renoviranih objekata Dnevnog boravka za stara lica u Danilovgradu i Centra za socijalni rad, koji su otvoreni u decembru mjesecu pro\u0161le godine, odr\u017ean je i\u00a0 sastanak na kojem su prisustvovale geronto-doma\u0107ice sa kojima se stalna predstavnica UNDP Fiona Mekluni i li\u010dno upoznala.<\/p>\n<p>Op\u0161irnije na portalu\u00a0<a href=\"http:\/\/portalanalitika.me\/clanak\/227319\/ministarka-kovacevic-i-fiona-mekluni-u-posjeti-opstini-danilovgrad\">Analitika<\/a><\/p>\n<p>Izvor i foto: Portal Analitika<\/p>\n","protected":false},"excerpt":{"rendered":"<p>Ministarka rada i socijalnog staranja Zorica Kova\u010devi\u0107 i stalna predstavnica UNDP\/stalna koordinatorka Sistema UN u Crnoj Gori Fiona Mekluni posjetile su danas op\u0161tinu Danilovgrad. Ministarka Kova\u010devi\u0107 i stalna predstavnica UNDP Mekluni obi\u0161le su Dnevni boravak\u00a0 za stare i stan za stanovanje uz podr\u0161ku u Spu\u017eu koji su otvoreni 19.02. ove godine, sa ciljem pobolj\u0161anja kvaliteta [&hellip;]<\/p>\n","protected":false},"author":11,"featured_media":1092,"comment_status":"open","ping_status":"open","sticky":false,"template":"","format":"standard","meta":{"_et_pb_use_builder":"","_et_pb_old_content":"","_et_gb_content_width":"","_jetpack_memberships_contains_paid_content":false,"footnotes":""},"categories":[10],"tags":[],"class_list":["post-1091","post","type-post","status-publish","format-standard","has-post-thumbnail","hentry","category-aktuelno","et-has-post-format-content","et_post_format-et-post-format-standard"],"jetpack_featured_media_url":"http:\/\/nasedoba.me\/wp-content\/uploads\/2016\/04\/undp-danilovgrad.jpg","jetpack_sharing_enabled":true,"_links":{"self":[{"href":"http:\/\/nasedoba.me\/index.php?rest_route=\/wp\/v2\/posts\/1091","targetHints":{"allow":["GET"]}}],"collection":[{"href":"http:\/\/nasedoba.me\/index.php?rest_route=\/wp\/v2\/posts"}],"about":[{"href":"http:\/\/nasedoba.me\/index.php?rest_route=\/wp\/v2\/types\/post"}],"author":[{"embeddable":true,"href":"http:\/\/nasedoba.me\/index.php?rest_route=\/wp\/v2\/users\/11"}],"replies":[{"embeddable":true,"href":"http:\/\/nasedoba.me\/index.php?rest_route=%2Fwp%2Fv2%2Fcomments&post=1091"}],"version-history":[{"count":2,"href":"http:\/\/nasedoba.me\/index.php?rest_route=\/wp\/v2\/posts\/1091\/revisions"}],"predecessor-version":[{"id":1094,"href":"http:\/\/nasedoba.me\/index.php?rest_route=\/wp\/v2\/posts\/1091\/revisions\/1094"}],"wp:featuredmedia":[{"embeddable":true,"href":"http:\/\/nasedoba.me\/index.php?rest_route=\/wp\/v2\/media\/1092"}],"wp:attachment":[{"href":"http:\/\/nasedoba.me\/index.php?rest_route=%2Fwp%2Fv2%2Fmedia&parent=1091"}],"wp:term":[{"taxonomy":"category","embeddable":true,"href":"http:\/\/nasedoba.me\/index.php?rest_route=%2Fwp%2Fv2%2Fcategories&post=1091"},{"taxonomy":"post_tag","embeddable":true,"href":"http:\/\/nasedoba.me\/index.php?rest_route=%2Fwp%2Fv2%2Ftags&post=1091"}],"curies":[{"name":"wp","href":"https:\/\/api.w.org\/{rel}","templated":true}]}}